{"id":7055,"date":"2021-01-11T17:46:30","date_gmt":"2021-01-11T16:46:30","guid":{"rendered":"http:\/\/www.paroisses-chatenay.fr\/stgermain\/?p=7055"},"modified":"2021-01-17T16:00:32","modified_gmt":"2021-01-17T15:00:32","slug":"semaine-de-priere-pour-lunite-des-chretien-du-18-au-25-janvier-2021-demeurez-dans-mon-amour-et-vous-porterez-du-fruit-en-abondance-jean-15-1-17","status":"publish","type":"post","link":"https:\/\/paroisses-chatenay.fr\/stgermain\/semaine-de-priere-pour-lunite-des-chretien-du-18-au-25-janvier-2021-demeurez-dans-mon-amour-et-vous-porterez-du-fruit-en-abondance-jean-15-1-17\/","title":{"rendered":"Semaine de pri\u00e8re pour l\u2019Unit\u00e9 des chr\u00e9tien \u2013 du 18 au 25 janvier 2021 \u00abDemeurez dans mon amour et vous porterez du fruit en abondance\u00bb (Jean 15, 1-17)"},"content":{"rendered":"\n<p>La semaine de Pri\u00e8re pour l\u2019Unit\u00e9 des Chr\u00e9tiens 2021 a \u00e9t\u00e9 pr\u00e9par\u00e9e par la Communaut\u00e9 monastique de Grandchamp.<\/p>\n\n\n\n<p>Le th\u00e8me choisi, \u00ab Demeurez dans mon amour et vous porterez du fruit en abondance \u00bb exprime sa vocation de pri\u00e8re, de r\u00e9conciliation et d\u2019unit\u00e9 dans l\u2019\u00c9glise et la famille humaine. Dans les ann\u00e9es 1930, des femmes de l\u2019\u00c9glise r\u00e9form\u00e9e de Suisse romande appartenant \u00e0 un groupe connu sous le nom de \u00ab Dames de Morges \u00bb ont red\u00e9couvert l&rsquo;importance du silence pour l&rsquo;\u00e9coute de la Parole de Dieu. Elles relanc\u00e8rent la pratique des retraites spirituelles pour nourrir leur vie de foi, inspir\u00e9es par l&rsquo;exemple du Christ qui partit dans un endroit isol\u00e9 pour prier. Elles furent bient\u00f4t rejointes par d&rsquo;autres membres qui particip\u00e8rent aux retraites r\u00e9guli\u00e8rement organis\u00e9es \u00e0 Grandchamp, petit hameau au bord du lac de Neuch\u00e2tel.<\/p>\n\n\n\n<p>Aujourd&rsquo;hui, la communaut\u00e9 compte cinquante s\u0153urs, cinquante femmes de diff\u00e9rentes g\u00e9n\u00e9rations, traditions eccl\u00e9siales, pays et continents. Dans leur diversit\u00e9, ces s\u0153urs sont une parabole vivante de communion. Elles restent fid\u00e8les \u00e0 une vie de pri\u00e8re, \u00e0 la vie en communaut\u00e9 et \u00e0 l&rsquo;accueil des h\u00f4tes. Les s\u0153urs partagent la gr\u00e2ce de leur vie monastique avec les visiteurs et les b\u00e9n\u00e9voles qui se rendent \u00e0 Grandchamp pour un temps de retraite, de silence, de gu\u00e9rison ou qui sont tout simplement en qu\u00eate de sens. Pour les s\u0153urs de Grandchamp, la vocation \u0153cum\u00e9nique n\u2019est pas un choix mais un don, une gr\u00e2ce n\u00e9e d\u2019une pauvret\u00e9.<\/p>\n\n\n\n<p>Cette ann\u00e9e, crise sanitaire oblige, la traditionnelle \u00ab veill\u00e9e \u00bb r\u00e9gionale aura lieu en journ\u00e9e, \u00e0 <strong>14h30<\/strong>, le samedi 23 janvier \u00e0 l\u2019Eglise Sainte-Germaine de Cachan. L\u2019Association \u0153cum\u00e9nique de la r\u00e9gion de Bourg la Reine (Chr\u00e9tiens ensemble), qui regroupe des catholiques, des protestants et des orthodoxes du sud des Hauts-de-Seine et du Val-de-Marne, sera heureuse de partager avec vous ce moment.<\/p>\n\n\n\n<p>Association \u0153cum\u00e9nique de la r\u00e9gion de Bourg-la-Reine<br><a href=\"http:\/\/www.chretiensensemble.com\" target=\"_blank\" rel=\"noreferrer noopener\">http:\/\/www.chretiensensemble.com<\/a><\/p>\n","protected":false},"excerpt":{"rendered":"<p>La semaine de Pri\u00e8re pour l\u2019Unit\u00e9 des Chr\u00e9tiens 2021 a \u00e9t\u00e9 pr\u00e9par\u00e9e par la Communaut\u00e9 monastique de Grandchamp. Le th\u00e8me choisi, \u00ab Demeurez dans mon amour et vous porterez du fruit en abondance \u00bb exprime sa vocation de pri\u00e8re, de r\u00e9conciliation et d\u2019unit\u00e9 dans l\u2019\u00c9glise et la famille humaine. Dans les ann\u00e9es 1930, des femmes de l\u2019\u00c9glise r\u00e9form\u00e9e de Suisse romande appartenant \u00e0 un groupe connu sous le nom de \u00ab Dames de Morges \u00bb ont red\u00e9couvert l&rsquo;importance du silence <a class=\"more-link\" href=\"https:\/\/paroisses-chatenay.fr\/stgermain\/semaine-de-priere-pour-lunite-des-chretien-du-18-au-25-janvier-2021-demeurez-dans-mon-amour-et-vous-porterez-du-fruit-en-abondance-jean-15-1-17\/\">Lire plus &#8230;<\/a><\/p>\n","protected":false},"author":1,"featured_media":0,"comment_status":"closed","ping_status":"closed","sticky":false,"template":"","format":"standard","meta":{"_seopress_robots_primary_cat":"none","_seopress_titles_title":"","_seopress_titles_desc":"","_seopress_robots_index":"","jetpack_post_was_ever_published":false,"_jetpack_newsletter_access":"","_jetpack_dont_email_post_to_subs":false,"_jetpack_newsletter_tier_id":0,"_jetpack_memberships_contains_paywalled_content":false,"_jetpack_memberships_contains_paid_content":false,"footnotes":"","jetpack_publicize_message":"","jetpack_publicize_feature_enabled":true,"jetpack_social_post_already_shared":true,"jetpack_social_options":{"image_generator_settings":{"template":"highway","default_image_id":0,"font":"","enabled":false},"version":2}},"categories":[5],"tags":[],"class_list":["post-7055","post","type-post","status-publish","format-standard","hentry","category-la-paroisse-2"],"jetpack_publicize_connections":[],"jetpack_featured_media_url":"","jetpack_sharing_enabled":true,"jetpack_shortlink":"https:\/\/wp.me\/p8QOZc-1PN","jetpack_likes_enabled":true,"_links":{"self":[{"href":"https:\/\/paroisses-chatenay.fr\/stgermain\/wp-json\/wp\/v2\/posts\/7055","targetHints":{"allow":["GET"]}}],"collection":[{"href":"https:\/\/paroisses-chatenay.fr\/stgermain\/wp-json\/wp\/v2\/posts"}],"about":[{"href":"https:\/\/paroisses-chatenay.fr\/stgermain\/wp-json\/wp\/v2\/types\/post"}],"author":[{"embeddable":true,"href":"https:\/\/paroisses-chatenay.fr\/stgermain\/wp-json\/wp\/v2\/users\/1"}],"replies":[{"embeddable":true,"href":"https:\/\/paroisses-chatenay.fr\/stgermain\/wp-json\/wp\/v2\/comments?post=7055"}],"version-history":[{"count":2,"href":"https:\/\/paroisses-chatenay.fr\/stgermain\/wp-json\/wp\/v2\/posts\/7055\/revisions"}],"predecessor-version":[{"id":7083,"href":"https:\/\/paroisses-chatenay.fr\/stgermain\/wp-json\/wp\/v2\/posts\/7055\/revisions\/7083"}],"wp:attachment":[{"href":"https:\/\/paroisses-chatenay.fr\/stgermain\/wp-json\/wp\/v2\/media?parent=7055"}],"wp:term":[{"taxonomy":"category","embeddable":true,"href":"https:\/\/paroisses-chatenay.fr\/stgermain\/wp-json\/wp\/v2\/categories?post=7055"},{"taxonomy":"post_tag","embeddable":true,"href":"https:\/\/paroisses-chatenay.fr\/stgermain\/wp-json\/wp\/v2\/tags?post=7055"}],"curies":[{"name":"wp","href":"https:\/\/api.w.org\/{rel}","templated":true}]}}