{"id":7122,"date":"2021-02-11T22:13:58","date_gmt":"2021-02-11T21:13:58","guid":{"rendered":"http:\/\/www.paroisses-chatenay.fr\/stgermain\/?p=7122"},"modified":"2021-02-11T22:15:32","modified_gmt":"2021-02-11T21:15:32","slug":"mercredi-des-cendres-celebration-des-cendres-a-12h00-dans-leglise","status":"publish","type":"post","link":"https:\/\/paroisses-chatenay.fr\/stgermain\/mercredi-des-cendres-celebration-des-cendres-a-12h00-dans-leglise\/","title":{"rendered":"Mercredi des Cendres : c\u00e9l\u00e9bration des Cendres \u00e0 12h00 dans l\u2019\u00e9glise"},"content":{"rendered":"\n<p><a href=\"http:\/\/www.paroisses-chatenay.fr\/stgermain\/wp-content\/uploads\/2021\/02\/Livret-spirituel-Careme-2021-_Nous-habitons-tous-la-meme-maison_-1.pdf\" target=\"_blank\" rel=\"noreferrer noopener\">Du livret spirituel du CCFD, Car\u00eame 2021<\/a><\/p>\n\n\n\n<p><strong>Contempler le monde<\/strong><br>La crise \u00e9cologique est un appel \u00e0 une profonde conversion int\u00e9rieure [\u2026] Vivre la vocation de protecteurs de l\u2019oeuvre de Dieu est une part essentielle d\u2019une existence vertueuse ; cela n\u2019est pas quelque chose d\u2019optionnel ni un aspect secondaire dans l\u2019exp\u00e9rience chr\u00e9tienne. Laudato Si\u2019 \u00a7217<\/p>\n\n\n\n<p><br><strong>Chercher un chemin de conversion pour agir avec amour et justice<br><\/strong>J\u00e9sus renverse profond\u00e9ment la perspective : il ne s\u2019agit pas tant de montrer sa capacit\u00e9 \u00e0 \u00eatre religieux, pratiquant d\u2019une foi dans une attitude volontariste, que de d\u00e9couvrir la chambre secr\u00e8te de notre c\u0153ur o\u00f9 Dieu vient \u00e0 notre rencontre. Car l\u2019apprentissage d\u2019une vie qui sait partager, le choix d\u2019une d\u00e9marche spirituelle humble, la capacit\u00e9 \u00e0 r\u00e9sister aux besoins imm\u00e9diats pour notre vie mat\u00e9rielle nous lib\u00e8rent de l\u2019orgueil. Et nous apprennent \u00e0 vivre en paix dans notre \u00ab maison commune \u00bb.<br>\u2013 Lorsque que je prends le temps de bien regarder au fond de moi, qu\u2019est-ce qui m\u2019emp\u00eache de revenir vers Dieu ? De le laisser me r\u00e9concilier avec Lui ?<br>\u2013 Face aux enjeux \u00e9cologiques, sanitaires, sociaux, quelles d\u00e9marches collectives pouvons-nous initier pour prot\u00e9ger et faire grandir notre \u00ab maison commune \u00bb ?<\/p>\n\n\n\n<p>&#8230;\/&#8230; <\/p>\n","protected":false},"excerpt":{"rendered":"<p>Du livret spirituel du CCFD, Car\u00eame 2021 Contempler le mondeLa crise \u00e9cologique est un appel \u00e0 une profonde conversion int\u00e9rieure [\u2026] Vivre la vocation de protecteurs de l\u2019oeuvre de Dieu est une part essentielle d\u2019une existence vertueuse ; cela n\u2019est pas quelque chose d\u2019optionnel ni un aspect secondaire dans l\u2019exp\u00e9rience chr\u00e9tienne. Laudato Si\u2019 \u00a7217 Chercher un chemin de conversion pour agir avec amour et justiceJ\u00e9sus renverse profond\u00e9ment la perspective : il ne s\u2019agit pas tant de montrer sa capacit\u00e9 \u00e0 <a class=\"more-link\" href=\"https:\/\/paroisses-chatenay.fr\/stgermain\/mercredi-des-cendres-celebration-des-cendres-a-12h00-dans-leglise\/\">Lire plus &#8230;<\/a><\/p>\n","protected":false},"author":1,"featured_media":0,"comment_status":"closed","ping_status":"closed","sticky":false,"template":"","format":"standard","meta":{"_seopress_robots_primary_cat":"none","_seopress_titles_title":"","_seopress_titles_desc":"","_seopress_robots_index":"","jetpack_post_was_ever_published":false,"_jetpack_newsletter_access":"","_jetpack_dont_email_post_to_subs":false,"_jetpack_newsletter_tier_id":0,"_jetpack_memberships_contains_paywalled_content":false,"_jetpack_memberships_contains_paid_content":false,"footnotes":"","jetpack_publicize_message":"","jetpack_publicize_feature_enabled":true,"jetpack_social_post_already_shared":true,"jetpack_social_options":{"image_generator_settings":{"template":"highway","default_image_id":0,"font":"","enabled":false},"version":2}},"categories":[5],"tags":[],"class_list":["post-7122","post","type-post","status-publish","format-standard","hentry","category-la-paroisse-2"],"jetpack_publicize_connections":[],"jetpack_featured_media_url":"","jetpack_sharing_enabled":true,"jetpack_shortlink":"https:\/\/wp.me\/p8QOZc-1QS","jetpack_likes_enabled":true,"_links":{"self":[{"href":"https:\/\/paroisses-chatenay.fr\/stgermain\/wp-json\/wp\/v2\/posts\/7122","targetHints":{"allow":["GET"]}}],"collection":[{"href":"https:\/\/paroisses-chatenay.fr\/stgermain\/wp-json\/wp\/v2\/posts"}],"about":[{"href":"https:\/\/paroisses-chatenay.fr\/stgermain\/wp-json\/wp\/v2\/types\/post"}],"author":[{"embeddable":true,"href":"https:\/\/paroisses-chatenay.fr\/stgermain\/wp-json\/wp\/v2\/users\/1"}],"replies":[{"embeddable":true,"href":"https:\/\/paroisses-chatenay.fr\/stgermain\/wp-json\/wp\/v2\/comments?post=7122"}],"version-history":[{"count":2,"href":"https:\/\/paroisses-chatenay.fr\/stgermain\/wp-json\/wp\/v2\/posts\/7122\/revisions"}],"predecessor-version":[{"id":7126,"href":"https:\/\/paroisses-chatenay.fr\/stgermain\/wp-json\/wp\/v2\/posts\/7122\/revisions\/7126"}],"wp:attachment":[{"href":"https:\/\/paroisses-chatenay.fr\/stgermain\/wp-json\/wp\/v2\/media?parent=7122"}],"wp:term":[{"taxonomy":"category","embeddable":true,"href":"https:\/\/paroisses-chatenay.fr\/stgermain\/wp-json\/wp\/v2\/categories?post=7122"},{"taxonomy":"post_tag","embeddable":true,"href":"https:\/\/paroisses-chatenay.fr\/stgermain\/wp-json\/wp\/v2\/tags?post=7122"}],"curies":[{"name":"wp","href":"https:\/\/api.w.org\/{rel}","templated":true}]}}