{"id":7155,"date":"2021-02-18T01:00:00","date_gmt":"2021-02-18T00:00:00","guid":{"rendered":"http:\/\/www.paroisses-chatenay.fr\/stgermain\/?p=7155"},"modified":"2021-02-14T17:28:41","modified_gmt":"2021-02-14T16:28:41","slug":"1er-dimanche-de-careme","status":"publish","type":"post","link":"https:\/\/paroisses-chatenay.fr\/stgermain\/1er-dimanche-de-careme\/","title":{"rendered":"1er Dimanche de Car\u00eame"},"content":{"rendered":"\n<p>Les lectures de ce premier dimanche de Car\u00eame nous parlent de salut, d\u2019Alliance avec un Dieu dont les chemins sont amour et v\u00e9rit\u00e9. Cette Alliance nous parle aujourd\u2019hui tant la cr\u00e9ation \u00e0 besoin d\u2019\u00eatre aim\u00e9e, sujet du livret spirituel du CCFD. Cette alliance fait aussi partie du \u00ab&nbsp;Bonheur dans la Rencontre&nbsp;\u00bb&nbsp;: quelles alliances amicales, conjugales, familiales &nbsp;pourrais-je bien red\u00e9couvrir en ce temps de Car\u00eame, \u00e0 renouveler dans le Christ&nbsp;?<\/p>\n\n\n\n<hr class=\"wp-block-separator\"\/>\n\n\n\n<p><strong>Accueil dans la grande salle&nbsp;:<\/strong> ce dimanche, partage d\u2019Evangile (Liturgie de la Parole).<\/p>\n\n\n\n<hr class=\"wp-block-separator\"\/>\n\n\n\n<p><strong>CCFD  <\/strong>: <strong>\u00c9couter l\u2019appel du Seigneur<\/strong>, \u00e0 partir d\u2019extraits d\u2019un des textes du dimanche que l\u2019on prend comme temps de m\u00e9ditation. On peut reprendre le(s) texte(s) entier(s) en se reportant \u00e0 la r\u00e9f\u00e9rence du texte. <a rel=\"noreferrer noopener\" href=\"http:\/\/www.paroisses-chatenay.fr\/stgermain\/wp-content\/uploads\/2021\/02\/Livret-spirituel-Careme-2021-_Nous-habitons-tous-la-meme-maison_-1.pdf\" target=\"_blank\">Livret spirituel, pour vous aider \u00e0 cheminer pendant le Car\u00eame<\/a><\/p>\n\n\n\n<p>Chaque dimanche de Car\u00eame, un carton du Secours Catholique sera d\u00e9pos\u00e9 dans l\u2019\u00e9glise pour recevoir des denr\u00e9es alimentaires que chacun de nous est invit\u00e9 \u00e0 d\u00e9poser,<\/p>\n\n\n\n<hr class=\"wp-block-separator\"\/>\n\n\n\n<p><strong>Bonheur dans la Rencontre<\/strong> : La crise actuelle (pand\u00e9mie, \u00e9conomique)peut nous faire glisser vers un repli sur nous-m\u00eame et une perte de relation. Le th\u00e8me de ce Car\u00eame 2021 sera donc \u00ab&nbsp;Bonheur dans la rencontre&nbsp;\u00bb&nbsp;!<\/p>\n\n\n\n<p>Pour cela, une attention toute simple est propos\u00e9e, \u00e0 tous&nbsp;: reprendre son carnet d\u2019adresse, identifier ceux&nbsp; avec qui la relation s\u2019est distendue et \u2026 Reprendre contact&nbsp;!<\/p>\n\n\n\n<p>En y associant si possible un geste fraternel&nbsp;; par exemple&nbsp;:<\/p>\n\n\n\n<ul class=\"wp-block-list\"><li>Caf\u00e9, gouter\/g\u00e2teau, d\u00e9jeuner,<\/li><li>Une petite marche&nbsp;? Un tour de v\u00e9lo \u2026<\/li><li>Un coup de t\u00e9l\u00e9phone, prendre des nouvelles \u2026<\/li><li>Toute autre d\u00e9marche de relation fraternelle.<\/li><\/ul>\n\n\n\n<p>\u00ab\u00a0Bonheur dans la rencontre\u00a0\u00bb\u00a0 se veut une d\u00e9marche de \u00ab\u00a0conversion\u00a0\u00bb\u00a0: nous tourner r\u00e9solument vers les autres et retrouver le bonheur de la relation fragilis\u00e9e par cette crise de bient\u00f4t un an.<\/p>\n\n\n\n<p>Cela pour nous rendre heureux, joyeux \u2026 En temps de Car\u00eame\u00a0!<\/p>\n\n\n\n<hr class=\"wp-block-separator\"\/>\n\n\n\n<p><strong>Secours Catholique<\/strong> : Chaque dimanche de Car\u00eame, un carton du Secours Catholique sera d\u00e9pos\u00e9 dans l\u2019\u00e9glise pour recevoir des denr\u00e9es alimentaires que chacun de nous est invit\u00e9 \u00e0 d\u00e9poser,<\/p>\n","protected":false},"excerpt":{"rendered":"<p>Les lectures de ce premier dimanche de Car\u00eame nous parlent de salut, d\u2019Alliance avec un Dieu dont les chemins sont amour et v\u00e9rit\u00e9. Cette Alliance nous parle aujourd\u2019hui tant la cr\u00e9ation \u00e0 besoin d\u2019\u00eatre aim\u00e9e, sujet du livret spirituel du CCFD. Cette alliance fait aussi partie du \u00ab&nbsp;Bonheur dans la Rencontre&nbsp;\u00bb&nbsp;: quelles alliances amicales, conjugales, familiales &nbsp;pourrais-je bien red\u00e9couvrir en ce temps de Car\u00eame, \u00e0 renouveler dans le Christ&nbsp;? Accueil dans la grande salle&nbsp;: ce dimanche, partage d\u2019Evangile (Liturgie de <a class=\"more-link\" href=\"https:\/\/paroisses-chatenay.fr\/stgermain\/1er-dimanche-de-careme\/\">Lire plus &#8230;<\/a><\/p>\n","protected":false},"author":1,"featured_media":0,"comment_status":"closed","ping_status":"closed","sticky":false,"template":"","format":"standard","meta":{"_seopress_robots_primary_cat":"none","_seopress_titles_title":"","_seopress_titles_desc":"","_seopress_robots_index":"","jetpack_post_was_ever_published":false,"_jetpack_newsletter_access":"","_jetpack_dont_email_post_to_subs":false,"_jetpack_newsletter_tier_id":0,"_jetpack_memberships_contains_paywalled_content":false,"_jetpack_memberships_contains_paid_content":false,"footnotes":"","jetpack_publicize_message":"","jetpack_publicize_feature_enabled":true,"jetpack_social_post_already_shared":true,"jetpack_social_options":{"image_generator_settings":{"template":"highway","default_image_id":0,"font":"","enabled":false},"version":2}},"categories":[5],"tags":[],"class_list":["post-7155","post","type-post","status-publish","format-standard","hentry","category-la-paroisse-2"],"jetpack_publicize_connections":[],"jetpack_featured_media_url":"","jetpack_sharing_enabled":true,"jetpack_shortlink":"https:\/\/wp.me\/p8QOZc-1Rp","jetpack_likes_enabled":true,"_links":{"self":[{"href":"https:\/\/paroisses-chatenay.fr\/stgermain\/wp-json\/wp\/v2\/posts\/7155","targetHints":{"allow":["GET"]}}],"collection":[{"href":"https:\/\/paroisses-chatenay.fr\/stgermain\/wp-json\/wp\/v2\/posts"}],"about":[{"href":"https:\/\/paroisses-chatenay.fr\/stgermain\/wp-json\/wp\/v2\/types\/post"}],"author":[{"embeddable":true,"href":"https:\/\/paroisses-chatenay.fr\/stgermain\/wp-json\/wp\/v2\/users\/1"}],"replies":[{"embeddable":true,"href":"https:\/\/paroisses-chatenay.fr\/stgermain\/wp-json\/wp\/v2\/comments?post=7155"}],"version-history":[{"count":2,"href":"https:\/\/paroisses-chatenay.fr\/stgermain\/wp-json\/wp\/v2\/posts\/7155\/revisions"}],"predecessor-version":[{"id":7159,"href":"https:\/\/paroisses-chatenay.fr\/stgermain\/wp-json\/wp\/v2\/posts\/7155\/revisions\/7159"}],"wp:attachment":[{"href":"https:\/\/paroisses-chatenay.fr\/stgermain\/wp-json\/wp\/v2\/media?parent=7155"}],"wp:term":[{"taxonomy":"category","embeddable":true,"href":"https:\/\/paroisses-chatenay.fr\/stgermain\/wp-json\/wp\/v2\/categories?post=7155"},{"taxonomy":"post_tag","embeddable":true,"href":"https:\/\/paroisses-chatenay.fr\/stgermain\/wp-json\/wp\/v2\/tags?post=7155"}],"curies":[{"name":"wp","href":"https:\/\/api.w.org\/{rel}","templated":true}]}}