{"id":7163,"date":"2021-03-04T01:43:00","date_gmt":"2021-03-04T00:43:00","guid":{"rendered":"http:\/\/www.paroisses-chatenay.fr\/stgermain\/?p=7163"},"modified":"2021-02-27T10:23:38","modified_gmt":"2021-02-27T09:23:38","slug":"3eme-dimanche-de-careme","status":"publish","type":"post","link":"https:\/\/paroisses-chatenay.fr\/stgermain\/3eme-dimanche-de-careme\/","title":{"rendered":"3eme Dimanche de Car\u00eame"},"content":{"rendered":"\n<p>Comme nous avons le cadeau d\u2019avoir des Cat\u00e9chum\u00e8nes, en ce troisi\u00e8me dimanche de Car\u00eame est lu l\u2019\u00e9vangile de la Samaritaine \u00e0 qui le Christ donne l\u2019eau vive. L\u2019eau, enjeu majeur de l\u2019environnement, et qui nous invite \u00e0 changer notre regard&nbsp; sur les ressources naturelles et leur usage, sujet du livret spirituel du CCFD. Bonheur dans la rencontre, et si samedi 13 Mars  j\u2019allai me confesser pour permettre \u00e0 l\u2019eau vive de mieux circuler en moi&nbsp;: il nous faut comprendre d\u00e9gager mes art\u00e8res relationnelles scl\u00e9ros\u00e9es \u2026<\/p>\n\n\n\n<hr class=\"wp-block-separator\"\/>\n\n\n\n<p><strong>Samedi 13 Mars, de 9h30 \u00e0 11h30, <\/strong>matin\u00e9e de la R\u00e9conciliation dans l\u2019Eglise, pour recevoir le sacrement du Pardon&nbsp;; tous les pr\u00eatres de la paroisse seront pr\u00e9sent<\/p>\n\n\n\n<hr class=\"wp-block-separator\"\/>\n\n\n\n<p><strong>Accueil dans la grande salle&nbsp;:<\/strong>&nbsp;ce dimanche, liturgie de la Parole.<\/p>\n\n\n\n<hr class=\"wp-block-separator\"\/>\n\n\n\n<p><strong>CCFD&nbsp;<\/strong>:&nbsp;<strong>Changer de regard sur la Cr\u00e9ation. <\/strong>A partir d\u2019une citation de Laudato Si\u2018. Pour partager en groupe, ces textes nourrissent l\u2019\u00e9change o\u00f9 chacun prend la parole \u00e0 son tour en respectant celle des autres.<\/p>\n\n\n\n<p><a rel=\"noreferrer noopener\" href=\"http:\/\/www.paroisses-chatenay.fr\/stgermain\/wp-content\/uploads\/2021\/02\/Livret-spirituel-Careme-2021-_Nous-habitons-tous-la-meme-maison_-1.pdf\" target=\"_blank\">Livret spirituel, pour vous aider \u00e0 cheminer pendant le Car\u00eame<\/a><\/p>\n\n\n\n<hr class=\"wp-block-separator\"\/>\n\n\n\n<p>Chaque dimanche de Car\u00eame, un carton du Secours Catholique sera d\u00e9pos\u00e9 dans l\u2019\u00e9glise pour recevoir des denr\u00e9es alimentaires que chacun de nous est invit\u00e9 \u00e0 d\u00e9poser,<\/p>\n\n\n\n<hr class=\"wp-block-separator\"\/>\n\n\n\n<p><strong>Bonheur dans la Rencontre<\/strong>&nbsp;: La crise actuelle (pand\u00e9mie, \u00e9conomique)peut nous faire glisser vers un repli sur nous-m\u00eame et une perte de relation. Le th\u00e8me de ce Car\u00eame 2021 sera donc \u00ab&nbsp;Bonheur dans la rencontre&nbsp;\u00bb&nbsp;!<\/p>\n\n\n\n<p>Pour cela, une attention toute simple est propos\u00e9e, \u00e0 tous&nbsp;: reprendre son carnet d\u2019adresse, identifier ceux&nbsp; avec qui la relation s\u2019est distendue et \u2026 Reprendre contact&nbsp;!<\/p>\n\n\n\n<p>En y associant si possible un geste fraternel&nbsp;; par exemple&nbsp;:<\/p>\n\n\n\n<ul class=\"wp-block-list\"><li>Caf\u00e9, gouter\/g\u00e2teau, d\u00e9jeuner,<\/li><li>Une petite marche&nbsp;? Un tour de v\u00e9lo \u2026<\/li><li>Un coup de t\u00e9l\u00e9phone, prendre des nouvelles \u2026<\/li><li>Toute autre d\u00e9marche de relation fraternelle.<\/li><\/ul>\n\n\n\n<p>\u00ab&nbsp;Bonheur dans la rencontre&nbsp;\u00bb&nbsp; se veut une d\u00e9marche de \u00ab&nbsp;conversion&nbsp;\u00bb&nbsp;: nous tourner r\u00e9solument vers les autres et retrouver le bonheur de la relation fragilis\u00e9e par cette crise de bient\u00f4t un an.<\/p>\n\n\n\n<p>Cela pour nous rendre heureux, joyeux \u2026 En temps de Car\u00eame&nbsp;!<\/p>\n\n\n\n<hr class=\"wp-block-separator\"\/>\n\n\n\n<p><strong>Secours Catholique<\/strong>&nbsp;: Chaque dimanche de Car\u00eame, un carton du Secours Catholique sera d\u00e9pos\u00e9 dans l\u2019\u00e9glise pour recevoir des denr\u00e9es alimentaires que chacun de nous est invit\u00e9 \u00e0 d\u00e9poser,<\/p>\n","protected":false},"excerpt":{"rendered":"<p>Comme nous avons le cadeau d\u2019avoir des Cat\u00e9chum\u00e8nes, en ce troisi\u00e8me dimanche de Car\u00eame est lu l\u2019\u00e9vangile de la Samaritaine \u00e0 qui le Christ donne l\u2019eau vive. L\u2019eau, enjeu majeur de l\u2019environnement, et qui nous invite \u00e0 changer notre regard&nbsp; sur les ressources naturelles et leur usage, sujet du livret spirituel du CCFD. Bonheur dans la rencontre, et si samedi 13 Mars j\u2019allai me confesser pour permettre \u00e0 l\u2019eau vive de mieux circuler en moi&nbsp;: il nous faut comprendre d\u00e9gager <a class=\"more-link\" href=\"https:\/\/paroisses-chatenay.fr\/stgermain\/3eme-dimanche-de-careme\/\">Lire plus &#8230;<\/a><\/p>\n","protected":false},"author":1,"featured_media":0,"comment_status":"closed","ping_status":"closed","sticky":false,"template":"","format":"standard","meta":{"_seopress_robots_primary_cat":"none","_seopress_titles_title":"","_seopress_titles_desc":"","_seopress_robots_index":"","jetpack_post_was_ever_published":false,"_jetpack_newsletter_access":"","_jetpack_dont_email_post_to_subs":false,"_jetpack_newsletter_tier_id":0,"_jetpack_memberships_contains_paywalled_content":false,"_jetpack_memberships_contains_paid_content":false,"footnotes":"","jetpack_publicize_message":"","jetpack_publicize_feature_enabled":true,"jetpack_social_post_already_shared":true,"jetpack_social_options":{"image_generator_settings":{"template":"highway","default_image_id":0,"font":"","enabled":false},"version":2}},"categories":[5],"tags":[],"class_list":["post-7163","post","type-post","status-publish","format-standard","hentry","category-la-paroisse-2"],"jetpack_publicize_connections":[],"jetpack_featured_media_url":"","jetpack_sharing_enabled":true,"jetpack_shortlink":"https:\/\/wp.me\/p8QOZc-1Rx","jetpack_likes_enabled":true,"_links":{"self":[{"href":"https:\/\/paroisses-chatenay.fr\/stgermain\/wp-json\/wp\/v2\/posts\/7163","targetHints":{"allow":["GET"]}}],"collection":[{"href":"https:\/\/paroisses-chatenay.fr\/stgermain\/wp-json\/wp\/v2\/posts"}],"about":[{"href":"https:\/\/paroisses-chatenay.fr\/stgermain\/wp-json\/wp\/v2\/types\/post"}],"author":[{"embeddable":true,"href":"https:\/\/paroisses-chatenay.fr\/stgermain\/wp-json\/wp\/v2\/users\/1"}],"replies":[{"embeddable":true,"href":"https:\/\/paroisses-chatenay.fr\/stgermain\/wp-json\/wp\/v2\/comments?post=7163"}],"version-history":[{"count":2,"href":"https:\/\/paroisses-chatenay.fr\/stgermain\/wp-json\/wp\/v2\/posts\/7163\/revisions"}],"predecessor-version":[{"id":7220,"href":"https:\/\/paroisses-chatenay.fr\/stgermain\/wp-json\/wp\/v2\/posts\/7163\/revisions\/7220"}],"wp:attachment":[{"href":"https:\/\/paroisses-chatenay.fr\/stgermain\/wp-json\/wp\/v2\/media?parent=7163"}],"wp:term":[{"taxonomy":"category","embeddable":true,"href":"https:\/\/paroisses-chatenay.fr\/stgermain\/wp-json\/wp\/v2\/categories?post=7163"},{"taxonomy":"post_tag","embeddable":true,"href":"https:\/\/paroisses-chatenay.fr\/stgermain\/wp-json\/wp\/v2\/tags?post=7163"}],"curies":[{"name":"wp","href":"https:\/\/api.w.org\/{rel}","templated":true}]}}