{"id":7167,"date":"2021-03-11T01:46:00","date_gmt":"2021-03-11T00:46:00","guid":{"rendered":"http:\/\/www.paroisses-chatenay.fr\/stgermain\/?p=7167"},"modified":"2021-02-14T17:56:35","modified_gmt":"2021-02-14T16:56:35","slug":"4eme-dimanche-de-careme","status":"publish","type":"post","link":"https:\/\/paroisses-chatenay.fr\/stgermain\/4eme-dimanche-de-careme\/","title":{"rendered":"4eme Dimanche de Car\u00eame"},"content":{"rendered":"\n<p>En communion de pri\u00e8re avec nos deux cat\u00e9chum\u00e8nes\u00a0, le quatri\u00e8me dimanche de\u00a0<a href=\"https:\/\/liturgie.catholique.fr\/lexique\/careme\">Car\u00eame<\/a>\u00a0est lu l\u2019<a href=\"https:\/\/liturgie.catholique.fr\/lexique\/evangile\">\u00e9vangile<\/a>\u00a0de l\u2019Aveugle-n\u00e9 gu\u00e9ri et illumin\u00e9 par le Seigneur. Ces jeunes pousses sont fragiles et ont besoin de toute l\u2019attention de la communaut\u00e9. Tout comme la cr\u00e9ation confi\u00e9e par Dieu \u00e0 l\u2019\u00eatre humain, sujet du livret spirituel du CCFD de cette semaine. Dans le Bonheur dans la rencontre il s\u2019agit de prendre soin de nos liens avec les plus faibles, alors n\u2019oublions pas aussi le carton du Secours Catholique qui attend les denr\u00e9es alimentaire.<\/p>\n\n\n\n<hr class=\"wp-block-separator\"\/>\n\n\n\n<p><strong>Samedi 13 Mars, de 9h30 \u00e0 11h30,&nbsp;<\/strong>matin\u00e9e de la R\u00e9conciliation dans l\u2019Eglise, pour recevoir le sacrement du Pardon&nbsp;; tous les pr\u00eatres de la paroisse seront pr\u00e9sent<\/p>\n\n\n\n<hr class=\"wp-block-separator\"\/>\n\n\n\n<p><strong>Accueil dans la grande salle\u00a0:<\/strong>\u00a0ce dimanche, messe retransmise en direct depuis l&rsquo;\u00e9glise.<\/p>\n\n\n\n<hr class=\"wp-block-separator\"\/>\n\n\n\n<p><strong>CCFD\u00a0<\/strong>:\u00a0<strong>Tout est li\u00e9.\u00a0<\/strong>A partir d\u2019une citation de Laudato Si\u2018. Pour partager en groupe, ces textes nourrissent l\u2019\u00e9change o\u00f9 chacun prend la parole \u00e0 son tour en respectant celle des autres.<\/p>\n\n\n\n<p><a rel=\"noreferrer noopener\" href=\"http:\/\/www.paroisses-chatenay.fr\/stgermain\/wp-content\/uploads\/2021\/02\/Livret-spirituel-Careme-2021-_Nous-habitons-tous-la-meme-maison_-1.pdf\" target=\"_blank\">Livret spirituel, pour vous aider \u00e0 cheminer pendant le Car\u00eame<\/a><\/p>\n\n\n\n<hr class=\"wp-block-separator\"\/>\n\n\n\n<p>Chaque dimanche de Car\u00eame, un carton du Secours Catholique sera d\u00e9pos\u00e9 dans l\u2019\u00e9glise pour recevoir des denr\u00e9es alimentaires que chacun de nous est invit\u00e9 \u00e0 d\u00e9poser,<\/p>\n\n\n\n<hr class=\"wp-block-separator\"\/>\n\n\n\n<p><strong>Bonheur dans la Rencontre<\/strong>&nbsp;: La crise actuelle (pand\u00e9mie, \u00e9conomique)peut nous faire glisser vers un repli sur nous-m\u00eame et une perte de relation. Le th\u00e8me de ce Car\u00eame 2021 sera donc \u00ab&nbsp;Bonheur dans la rencontre&nbsp;\u00bb&nbsp;!<\/p>\n\n\n\n<p>Pour cela, une attention toute simple est propos\u00e9e, \u00e0 tous&nbsp;: reprendre son carnet d\u2019adresse, identifier ceux&nbsp; avec qui la relation s\u2019est distendue et \u2026 Reprendre contact&nbsp;!<\/p>\n\n\n\n<p>En y associant si possible un geste fraternel&nbsp;; par exemple&nbsp;:<\/p>\n\n\n\n<ul class=\"wp-block-list\"><li>Caf\u00e9, gouter\/g\u00e2teau, d\u00e9jeuner,<\/li><li>Une petite marche&nbsp;? Un tour de v\u00e9lo \u2026<\/li><li>Un coup de t\u00e9l\u00e9phone, prendre des nouvelles \u2026<\/li><li>Toute autre d\u00e9marche de relation fraternelle.<\/li><\/ul>\n\n\n\n<p>\u00ab&nbsp;Bonheur dans la rencontre&nbsp;\u00bb&nbsp; se veut une d\u00e9marche de \u00ab&nbsp;conversion&nbsp;\u00bb&nbsp;: nous tourner r\u00e9solument vers les autres et retrouver le bonheur de la relation fragilis\u00e9e par cette crise de bient\u00f4t un an.<\/p>\n\n\n\n<p>Cela pour nous rendre heureux, joyeux \u2026 En temps de Car\u00eame&nbsp;!<\/p>\n\n\n\n<hr class=\"wp-block-separator\"\/>\n\n\n\n<p><strong>Secours Catholique<\/strong>&nbsp;: Chaque dimanche de Car\u00eame, un carton du Secours Catholique sera d\u00e9pos\u00e9 dans l\u2019\u00e9glise pour recevoir des denr\u00e9es alimentaires que chacun de nous est invit\u00e9 \u00e0 d\u00e9poser,<\/p>\n","protected":false},"excerpt":{"rendered":"<p>En communion de pri\u00e8re avec nos deux cat\u00e9chum\u00e8nes\u00a0, le quatri\u00e8me dimanche de\u00a0Car\u00eame\u00a0est lu l\u2019\u00e9vangile\u00a0de l\u2019Aveugle-n\u00e9 gu\u00e9ri et illumin\u00e9 par le Seigneur. Ces jeunes pousses sont fragiles et ont besoin de toute l\u2019attention de la communaut\u00e9. Tout comme la cr\u00e9ation confi\u00e9e par Dieu \u00e0 l\u2019\u00eatre humain, sujet du livret spirituel du CCFD de cette semaine. Dans le Bonheur dans la rencontre il s\u2019agit de prendre soin de nos liens avec les plus faibles, alors n\u2019oublions pas aussi le carton du Secours <a class=\"more-link\" href=\"https:\/\/paroisses-chatenay.fr\/stgermain\/4eme-dimanche-de-careme\/\">Lire plus &#8230;<\/a><\/p>\n","protected":false},"author":1,"featured_media":0,"comment_status":"closed","ping_status":"closed","sticky":false,"template":"","format":"standard","meta":{"_seopress_robots_primary_cat":"none","_seopress_titles_title":"","_seopress_titles_desc":"","_seopress_robots_index":"","jetpack_post_was_ever_published":false,"_jetpack_newsletter_access":"","_jetpack_dont_email_post_to_subs":false,"_jetpack_newsletter_tier_id":0,"_jetpack_memberships_contains_paywalled_content":false,"_jetpack_memberships_contains_paid_content":false,"footnotes":"","jetpack_publicize_message":"","jetpack_publicize_feature_enabled":true,"jetpack_social_post_already_shared":true,"jetpack_social_options":{"image_generator_settings":{"template":"highway","default_image_id":0,"font":"","enabled":false},"version":2}},"categories":[5],"tags":[],"class_list":["post-7167","post","type-post","status-publish","format-standard","hentry","category-la-paroisse-2"],"jetpack_publicize_connections":[],"jetpack_featured_media_url":"","jetpack_sharing_enabled":true,"jetpack_shortlink":"https:\/\/wp.me\/p8QOZc-1RB","jetpack_likes_enabled":true,"_links":{"self":[{"href":"https:\/\/paroisses-chatenay.fr\/stgermain\/wp-json\/wp\/v2\/posts\/7167","targetHints":{"allow":["GET"]}}],"collection":[{"href":"https:\/\/paroisses-chatenay.fr\/stgermain\/wp-json\/wp\/v2\/posts"}],"about":[{"href":"https:\/\/paroisses-chatenay.fr\/stgermain\/wp-json\/wp\/v2\/types\/post"}],"author":[{"embeddable":true,"href":"https:\/\/paroisses-chatenay.fr\/stgermain\/wp-json\/wp\/v2\/users\/1"}],"replies":[{"embeddable":true,"href":"https:\/\/paroisses-chatenay.fr\/stgermain\/wp-json\/wp\/v2\/comments?post=7167"}],"version-history":[{"count":3,"href":"https:\/\/paroisses-chatenay.fr\/stgermain\/wp-json\/wp\/v2\/posts\/7167\/revisions"}],"predecessor-version":[{"id":7175,"href":"https:\/\/paroisses-chatenay.fr\/stgermain\/wp-json\/wp\/v2\/posts\/7167\/revisions\/7175"}],"wp:attachment":[{"href":"https:\/\/paroisses-chatenay.fr\/stgermain\/wp-json\/wp\/v2\/media?parent=7167"}],"wp:term":[{"taxonomy":"category","embeddable":true,"href":"https:\/\/paroisses-chatenay.fr\/stgermain\/wp-json\/wp\/v2\/categories?post=7167"},{"taxonomy":"post_tag","embeddable":true,"href":"https:\/\/paroisses-chatenay.fr\/stgermain\/wp-json\/wp\/v2\/tags?post=7167"}],"curies":[{"name":"wp","href":"https:\/\/api.w.org\/{rel}","templated":true}]}}