{"id":7319,"date":"2021-03-24T01:22:00","date_gmt":"2021-03-24T00:22:00","guid":{"rendered":"http:\/\/www.paroisses-chatenay.fr\/stgermain\/?p=7319"},"modified":"2021-03-27T17:09:04","modified_gmt":"2021-03-27T16:09:04","slug":"celebration-des-rameaux-messe-des-familles-plein-air-apres-midi","status":"publish","type":"post","link":"https:\/\/paroisses-chatenay.fr\/stgermain\/celebration-des-rameaux-messe-des-familles-plein-air-apres-midi\/","title":{"rendered":"C\u00e9l\u00e9bration des Rameaux : Messe des Familles \/ Plein Air \/ Apr\u00e8s Midi"},"content":{"rendered":"\n<p>Sur Saint Germain l&rsquo;Auxerrois la c\u00e9l\u00e9bration des Rameaux est pr\u00e9vue comme suit : <\/p>\n\n\n\n<ul class=\"wp-block-list\"><li>Samedi 17h00 : Messe des familles avec les r\u00e8gles li\u00e9es au confinement : merci \u00e0 tous de laisser les familles se rassembler et de privil\u00e9gier les messes de dimanche, en raison des r\u00e8gles sanitaires (70 personnes dans l&rsquo;\u00e9glise).<\/li><\/ul>\n\n\n\n<p><\/p>\n\n\n\n<ul class=\"wp-block-list\"><li>Dimanche 10h30 : c\u00e9l\u00e9bration en ext\u00e9rieur si le temps le permet : pour ceux qui le peuvent, <strong>merci de venir aider avant la messe (\u00e0 partir de 9h30)<\/strong> pour la mise en place des chaises et la pr\u00e9paration mat\u00e9rielle de cette c\u00e9l\u00e9bration. Crit\u00e8res pour l&rsquo;ext\u00e9rieur: pas de pluie, une temp\u00e9rature douce (au moins 15\u00b0c), pas\/peu de vent.<\/li><\/ul>\n\n\n\n<p><\/p>\n\n\n\n<ul class=\"wp-block-list\"><li>Dimanche 17h00 : dans l&rsquo;\u00e9glise avec les r\u00e8gles li\u00e9es au confinement.<\/li><\/ul>\n\n\n\n<p><a rel=\"noreferrer noopener\" href=\"https:\/\/eglise.catholique.fr\/approfondir-sa-foi\/la-celebration-de-la-foi\/les-grandes-fetes-chretiennes\/careme-et-paques\/semaine-sainte-paques\/369510-le-dimanche-des-rameaux\/\" target=\"_blank\">A propos de la C\u00e9l\u00e9bration des Rameaux<\/a><\/p>\n\n\n\n<figure class=\"wp-block-embed is-type-video is-provider-youtube wp-block-embed-youtube wp-embed-aspect-16-9 wp-has-aspect-ratio\"><div class=\"wp-block-embed__wrapper\">\n<iframe loading=\"lazy\"  id=\"_ytid_70818\"  width=\"540\" height=\"304\"  data-origwidth=\"540\" data-origheight=\"304\" src=\"https:\/\/www.youtube.com\/embed\/PWVpPSloJ90?enablejsapi=1&#038;autoplay=0&#038;cc_load_policy=0&#038;cc_lang_pref=&#038;iv_load_policy=1&#038;loop=0&#038;rel=1&#038;fs=1&#038;playsinline=0&#038;autohide=2&#038;theme=dark&#038;color=red&#038;controls=1&#038;disablekb=0&#038;\" class=\"__youtube_prefs__  epyt-is-override  no-lazyload\" title=\"YouTube player\"  allow=\"fullscreen; accelerometer; autoplay; clipboard-write; encrypted-media; gyroscope; picture-in-picture; web-share\" referrerpolicy=\"strict-origin-when-cross-origin\" allowfullscreen data-no-lazy=\"1\" data-skipgform_ajax_framebjll=\"\"><\/iframe>\n<\/div><\/figure>\n\n\n\n<p><\/p>\n\n\n\n<p><\/p>\n","protected":false},"excerpt":{"rendered":"<p>Sur Saint Germain l&rsquo;Auxerrois la c\u00e9l\u00e9bration des Rameaux est pr\u00e9vue comme suit : Samedi 17h00 : Messe des familles avec les r\u00e8gles li\u00e9es au confinement : merci \u00e0 tous de laisser les familles se rassembler et de privil\u00e9gier les messes de dimanche, en raison des r\u00e8gles sanitaires (70 personnes dans l&rsquo;\u00e9glise). Dimanche 10h30 : c\u00e9l\u00e9bration en ext\u00e9rieur si le temps le permet : pour ceux qui le peuvent, merci de venir aider avant la messe (\u00e0 partir de 9h30) pour <a class=\"more-link\" href=\"https:\/\/paroisses-chatenay.fr\/stgermain\/celebration-des-rameaux-messe-des-familles-plein-air-apres-midi\/\">Lire plus &#8230;<\/a><\/p>\n","protected":false},"author":1,"featured_media":0,"comment_status":"closed","ping_status":"closed","sticky":false,"template":"","format":"standard","meta":{"_seopress_robots_primary_cat":"none","_seopress_titles_title":"","_seopress_titles_desc":"","_seopress_robots_index":"","jetpack_post_was_ever_published":false,"_jetpack_newsletter_access":"","_jetpack_dont_email_post_to_subs":false,"_jetpack_newsletter_tier_id":0,"_jetpack_memberships_contains_paywalled_content":false,"_jetpack_memberships_contains_paid_content":false,"footnotes":"","jetpack_publicize_message":"","jetpack_publicize_feature_enabled":true,"jetpack_social_post_already_shared":true,"jetpack_social_options":{"image_generator_settings":{"template":"highway","default_image_id":0,"font":"","enabled":false},"version":2}},"categories":[5],"tags":[],"class_list":["post-7319","post","type-post","status-publish","format-standard","hentry","category-la-paroisse-2"],"jetpack_publicize_connections":[],"jetpack_featured_media_url":"","jetpack_sharing_enabled":true,"jetpack_shortlink":"https:\/\/wp.me\/p8QOZc-1U3","jetpack_likes_enabled":true,"_links":{"self":[{"href":"https:\/\/paroisses-chatenay.fr\/stgermain\/wp-json\/wp\/v2\/posts\/7319","targetHints":{"allow":["GET"]}}],"collection":[{"href":"https:\/\/paroisses-chatenay.fr\/stgermain\/wp-json\/wp\/v2\/posts"}],"about":[{"href":"https:\/\/paroisses-chatenay.fr\/stgermain\/wp-json\/wp\/v2\/types\/post"}],"author":[{"embeddable":true,"href":"https:\/\/paroisses-chatenay.fr\/stgermain\/wp-json\/wp\/v2\/users\/1"}],"replies":[{"embeddable":true,"href":"https:\/\/paroisses-chatenay.fr\/stgermain\/wp-json\/wp\/v2\/comments?post=7319"}],"version-history":[{"count":2,"href":"https:\/\/paroisses-chatenay.fr\/stgermain\/wp-json\/wp\/v2\/posts\/7319\/revisions"}],"predecessor-version":[{"id":7329,"href":"https:\/\/paroisses-chatenay.fr\/stgermain\/wp-json\/wp\/v2\/posts\/7319\/revisions\/7329"}],"wp:attachment":[{"href":"https:\/\/paroisses-chatenay.fr\/stgermain\/wp-json\/wp\/v2\/media?parent=7319"}],"wp:term":[{"taxonomy":"category","embeddable":true,"href":"https:\/\/paroisses-chatenay.fr\/stgermain\/wp-json\/wp\/v2\/categories?post=7319"},{"taxonomy":"post_tag","embeddable":true,"href":"https:\/\/paroisses-chatenay.fr\/stgermain\/wp-json\/wp\/v2\/tags?post=7319"}],"curies":[{"name":"wp","href":"https:\/\/api.w.org\/{rel}","templated":true}]}}