{"id":7374,"date":"2021-04-03T12:07:05","date_gmt":"2021-04-03T10:07:05","guid":{"rendered":"http:\/\/www.paroisses-chatenay.fr\/stgermain\/?p=7374"},"modified":"2021-04-03T12:25:38","modified_gmt":"2021-04-03T10:25:38","slug":"dimanche-4-avril-paques-6h30-vigile-pascale-10h30-et-17h00-messe-du-jour-de-paques","status":"publish","type":"post","link":"https:\/\/paroisses-chatenay.fr\/stgermain\/dimanche-4-avril-paques-6h30-vigile-pascale-10h30-et-17h00-messe-du-jour-de-paques\/","title":{"rendered":"Dimanche 4 Avril &#8211; P\u00e2ques : 6h30 Vigile Pascale, 10h30 et 17h00 Messe du jour de P\u00e2ques"},"content":{"rendered":"\n<p><strong>Pour la Vigile de 6h30 <\/strong>( v<span style=\"font-size: revert;\">oir <\/span><a rel=\"noreferrer noopener\" style=\"font-size: revert;\" href=\"https:\/\/cybercure.fr\/les-fetes-de-l-eglise\/paques\/semaine-sainte\/article\/la-vigile-pascale\" target=\"_blank\">Vigile Pascale la liturgie de la Lumi\u00e8re<\/a> ) :<\/p>\n\n\n\n<ul class=\"wp-block-list\"><li>Le feu nouveau (Office de la Lumi\u00e8re) sera allum\u00e9 sur la place de l&rsquo;Eglise <strong>\u00e0 6h20 <\/strong>,<\/li><li>Il est demand\u00e9 \u00e0 tous de simplement passer devant le feu, et rentrer dans l&rsquo;\u00e9glise hormis les cat\u00e9chum\u00e8nes, leur parrains et marraines et les c\u00e9l\u00e9brants,<\/li><li>Faire attention aux masques lorsque les cierges sont allum\u00e9s : ne pas se br\u00fbler, les masques sont en mati\u00e8re synth\u00e9tique tr\u00e8s inflammable,<\/li><li>La c\u00e9l\u00e9bration sera retransmise dans la grande salle en cas de d\u00e9passement des limites impos\u00e9es : <\/li><\/ul>\n\n\n\n<p><strong>Pour la messe de P\u00e2ques de 10h30<\/strong> :<\/p>\n\n\n\n<ul class=\"wp-block-list\"><li>La messe sera retransmise dans la grande salle <\/li><\/ul>\n\n\n\n<p>Retransmission<\/p>\n\n\n\n<ul class=\"wp-block-list\"><li>Tout devrait \u00eatre sur <a href=\"https:\/\/www.facebook.com\/ruedulavoir.chatenay.1\" target=\"_blank\" rel=\"noreferrer noopener\">https:\/\/www.facebook.com\/ruedulavoir.chatenay.1<\/a> (diff\u00e9r\u00e9 ou direct)<\/li><\/ul>\n\n\n\n<p><\/p>\n","protected":false},"excerpt":{"rendered":"<p>Pour la Vigile de 6h30 ( voir Vigile Pascale la liturgie de la Lumi\u00e8re ) : Le feu nouveau (Office de la Lumi\u00e8re) sera allum\u00e9 sur la place de l&rsquo;Eglise \u00e0 6h20 , Il est demand\u00e9 \u00e0 tous de simplement passer devant le feu, et rentrer dans l&rsquo;\u00e9glise hormis les cat\u00e9chum\u00e8nes, leur parrains et marraines et les c\u00e9l\u00e9brants, Faire attention aux masques lorsque les cierges sont allum\u00e9s : ne pas se br\u00fbler, les masques sont en mati\u00e8re synth\u00e9tique tr\u00e8s inflammable, <a class=\"more-link\" href=\"https:\/\/paroisses-chatenay.fr\/stgermain\/dimanche-4-avril-paques-6h30-vigile-pascale-10h30-et-17h00-messe-du-jour-de-paques\/\">Lire plus &#8230;<\/a><\/p>\n","protected":false},"author":1,"featured_media":5685,"comment_status":"closed","ping_status":"closed","sticky":false,"template":"","format":"standard","meta":{"_seopress_robots_primary_cat":"none","_seopress_titles_title":"","_seopress_titles_desc":"","_seopress_robots_index":"","jetpack_post_was_ever_published":false,"_jetpack_newsletter_access":"","_jetpack_dont_email_post_to_subs":false,"_jetpack_newsletter_tier_id":0,"_jetpack_memberships_contains_paywalled_content":false,"_jetpack_memberships_contains_paid_content":false,"footnotes":"","jetpack_publicize_message":"","jetpack_publicize_feature_enabled":true,"jetpack_social_post_already_shared":true,"jetpack_social_options":{"image_generator_settings":{"template":"highway","default_image_id":0,"font":"","enabled":false},"version":2}},"categories":[5],"tags":[],"class_list":["post-7374","post","type-post","status-publish","format-standard","has-post-thumbnail","hentry","category-la-paroisse-2"],"jetpack_publicize_connections":[],"jetpack_featured_media_url":"https:\/\/i0.wp.com\/paroisses-chatenay.fr\/stgermain\/wp-content\/uploads\/2020\/03\/20190420_210036-scaled-e1616256930315.jpg?fit=288%2C488&ssl=1","jetpack_sharing_enabled":true,"jetpack_shortlink":"https:\/\/wp.me\/p8QOZc-1UW","jetpack_likes_enabled":true,"_links":{"self":[{"href":"https:\/\/paroisses-chatenay.fr\/stgermain\/wp-json\/wp\/v2\/posts\/7374","targetHints":{"allow":["GET"]}}],"collection":[{"href":"https:\/\/paroisses-chatenay.fr\/stgermain\/wp-json\/wp\/v2\/posts"}],"about":[{"href":"https:\/\/paroisses-chatenay.fr\/stgermain\/wp-json\/wp\/v2\/types\/post"}],"author":[{"embeddable":true,"href":"https:\/\/paroisses-chatenay.fr\/stgermain\/wp-json\/wp\/v2\/users\/1"}],"replies":[{"embeddable":true,"href":"https:\/\/paroisses-chatenay.fr\/stgermain\/wp-json\/wp\/v2\/comments?post=7374"}],"version-history":[{"count":6,"href":"https:\/\/paroisses-chatenay.fr\/stgermain\/wp-json\/wp\/v2\/posts\/7374\/revisions"}],"predecessor-version":[{"id":7383,"href":"https:\/\/paroisses-chatenay.fr\/stgermain\/wp-json\/wp\/v2\/posts\/7374\/revisions\/7383"}],"wp:featuredmedia":[{"embeddable":true,"href":"https:\/\/paroisses-chatenay.fr\/stgermain\/wp-json\/wp\/v2\/media\/5685"}],"wp:attachment":[{"href":"https:\/\/paroisses-chatenay.fr\/stgermain\/wp-json\/wp\/v2\/media?parent=7374"}],"wp:term":[{"taxonomy":"category","embeddable":true,"href":"https:\/\/paroisses-chatenay.fr\/stgermain\/wp-json\/wp\/v2\/categories?post=7374"},{"taxonomy":"post_tag","embeddable":true,"href":"https:\/\/paroisses-chatenay.fr\/stgermain\/wp-json\/wp\/v2\/tags?post=7374"}],"curies":[{"name":"wp","href":"https:\/\/api.w.org\/{rel}","templated":true}]}}