{"id":7472,"date":"2021-04-17T07:26:55","date_gmt":"2021-04-17T05:26:55","guid":{"rendered":"http:\/\/www.paroisses-chatenay.fr\/stgermain\/?p=7472"},"modified":"2021-04-17T07:28:47","modified_gmt":"2021-04-17T05:28:47","slug":"liturgie-de-la-parole-retransmission-et-plus-dans-le-petit-germinal","status":"publish","type":"post","link":"https:\/\/paroisses-chatenay.fr\/stgermain\/liturgie-de-la-parole-retransmission-et-plus-dans-le-petit-germinal\/","title":{"rendered":"Liturgie de la Parole, retransmission et plus dans le Petit Germinal du 18\/04"},"content":{"rendered":"\n<p><a href=\"http:\/\/www.paroisses-chatenay.fr\/stgermain\/wp-content\/uploads\/2021\/04\/PG-N\u00b0409-18-04-au-23-05-2021.pdf\" target=\"_blank\" rel=\"noreferrer noopener\">Dans la salle paroissiale, le dimanche \u00e0 10h30 :<br>. <strong>liturgie de la parole<\/strong> les<strong> 18 avril, 2 et 16 mai,<\/strong><br>. retransmission de la messe les <strong>25 avril et 9 et 23 mai<\/strong>, ainsi que le <strong>jeudi 13 ma<\/strong>i \u00e0 10h30 (Ascension).<\/a><\/p>\n\n\n\n<p><a href=\"http:\/\/www.paroisses-chatenay.fr\/stgermain\/wp-content\/uploads\/2021\/04\/PG-N\u00b0409-18-04-au-23-05-2021.pdf\" target=\"_blank\" rel=\"noreferrer noopener\">Les points trait\u00e9s en EPC<\/a><br><\/p>\n\n\n\n<ul class=\"wp-block-list\"><li>La relecture de la Semaine Sainte.<\/li><li>Le retour de la marche Saint-Joseph et le projet de la conf\u00e9rence \u00ab La vie de Saint Joseph \u00bb.<\/li><li>Messe <strong>d\u2019action de gr\u00e2ce de fin d\u2019ann\u00e9e pastorale le samedi 26 juin 2021 \u00e0 17h<\/strong>.<\/li><li>Les 5 projets pastoraux suite la visite pastorale de notre \u00e9v\u00eaque et de l\u2019Assembl\u00e9e G\u00e9n\u00e9rale du 18 janvier 2020.<\/li><\/ul>\n\n\n\n<p><br><br><\/p>\n\n\n\n<p><a href=\"http:\/\/www.paroisses-chatenay.fr\/stgermain\/wp-content\/uploads\/2021\/04\/J3P-n\u00b064-18-04-au-23-05-21.pdf\" target=\"_blank\" rel=\"noreferrer noopener\">L<\/a><a href=\"http:\/\/www.paroisses-chatenay.fr\/stgermain\/wp-content\/uploads\/2021\/04\/PG-N\u00b0409-18-04-au-23-05-2021.pdf\" target=\"_blank\" rel=\"noreferrer noopener\">e Merci du Secours Catholique<br>Les qu\u00eates imp\u00e9r\u00e9es<br>Le Carnet<\/a><\/p>\n\n\n\n<p><\/p>\n\n\n\n<p><\/p>\n","protected":false},"excerpt":{"rendered":"<p>Dans la salle paroissiale, le dimanche \u00e0 10h30 :. liturgie de la parole les 18 avril, 2 et 16 mai,. retransmission de la messe les 25 avril et 9 et 23 mai, ainsi que le jeudi 13 mai \u00e0 10h30 (Ascension). Les points trait\u00e9s en EPC La relecture de la Semaine Sainte. Le retour de la marche Saint-Joseph et le projet de la conf\u00e9rence \u00ab La vie de Saint Joseph \u00bb. Messe d\u2019action de gr\u00e2ce de fin d\u2019ann\u00e9e pastorale le <a class=\"more-link\" href=\"https:\/\/paroisses-chatenay.fr\/stgermain\/liturgie-de-la-parole-retransmission-et-plus-dans-le-petit-germinal\/\">Lire plus &#8230;<\/a><\/p>\n","protected":false},"author":1,"featured_media":0,"comment_status":"closed","ping_status":"closed","sticky":false,"template":"","format":"standard","meta":{"_seopress_robots_primary_cat":"none","_seopress_titles_title":"","_seopress_titles_desc":"","_seopress_robots_index":"","jetpack_post_was_ever_published":false,"_jetpack_newsletter_access":"","_jetpack_dont_email_post_to_subs":false,"_jetpack_newsletter_tier_id":0,"_jetpack_memberships_contains_paywalled_content":false,"_jetpack_memberships_contains_paid_content":false,"footnotes":"","jetpack_publicize_message":"","jetpack_publicize_feature_enabled":true,"jetpack_social_post_already_shared":true,"jetpack_social_options":{"image_generator_settings":{"template":"highway","default_image_id":0,"font":"","enabled":false},"version":2}},"categories":[5],"tags":[],"class_list":["post-7472","post","type-post","status-publish","format-standard","hentry","category-la-paroisse-2"],"jetpack_publicize_connections":[],"jetpack_featured_media_url":"","jetpack_sharing_enabled":true,"jetpack_shortlink":"https:\/\/wp.me\/p8QOZc-1Ww","jetpack_likes_enabled":true,"_links":{"self":[{"href":"https:\/\/paroisses-chatenay.fr\/stgermain\/wp-json\/wp\/v2\/posts\/7472","targetHints":{"allow":["GET"]}}],"collection":[{"href":"https:\/\/paroisses-chatenay.fr\/stgermain\/wp-json\/wp\/v2\/posts"}],"about":[{"href":"https:\/\/paroisses-chatenay.fr\/stgermain\/wp-json\/wp\/v2\/types\/post"}],"author":[{"embeddable":true,"href":"https:\/\/paroisses-chatenay.fr\/stgermain\/wp-json\/wp\/v2\/users\/1"}],"replies":[{"embeddable":true,"href":"https:\/\/paroisses-chatenay.fr\/stgermain\/wp-json\/wp\/v2\/comments?post=7472"}],"version-history":[{"count":2,"href":"https:\/\/paroisses-chatenay.fr\/stgermain\/wp-json\/wp\/v2\/posts\/7472\/revisions"}],"predecessor-version":[{"id":7476,"href":"https:\/\/paroisses-chatenay.fr\/stgermain\/wp-json\/wp\/v2\/posts\/7472\/revisions\/7476"}],"wp:attachment":[{"href":"https:\/\/paroisses-chatenay.fr\/stgermain\/wp-json\/wp\/v2\/media?parent=7472"}],"wp:term":[{"taxonomy":"category","embeddable":true,"href":"https:\/\/paroisses-chatenay.fr\/stgermain\/wp-json\/wp\/v2\/categories?post=7472"},{"taxonomy":"post_tag","embeddable":true,"href":"https:\/\/paroisses-chatenay.fr\/stgermain\/wp-json\/wp\/v2\/tags?post=7472"}],"curies":[{"name":"wp","href":"https:\/\/api.w.org\/{rel}","templated":true}]}}