{"id":7525,"date":"2021-05-29T11:45:04","date_gmt":"2021-05-29T09:45:04","guid":{"rendered":"http:\/\/www.paroisses-chatenay.fr\/stgermain\/?p=7525"},"modified":"2021-05-29T11:48:10","modified_gmt":"2021-05-29T09:48:10","slug":"7525-2","status":"publish","type":"post","link":"https:\/\/paroisses-chatenay.fr\/stgermain\/7525-2\/","title":{"rendered":"Pr\u00e9paration de la messe de fin d\u2019ann\u00e9e le samedi 26 juin 2021"},"content":{"rendered":"\n<p>Pour terminer cette ann\u00e9e si particuli\u00e8re, la messe du samedi 26 juin sera c\u00e9l\u00e9br\u00e9e en ext\u00e9rieur (si le temps le permet) et sera plac\u00e9e sous le signe de l\u2019action de gr\u00e2ce pour ce qui a \u00e9t\u00e9 v\u00e9cu.<br><br>Elle permettra \u00e0 ceux qui le souhaitent dans les groupes de la paroisse de prendre la parole au cours de la c\u00e9l\u00e9bration : comme lors du nouveau \u00ab grand oral \u00bb du bac. Par Grand Oral, il faut comprendre que chaque groupe de la paroisse, est invit\u00e9 \u00e0 venir prendre la parole au cours de la c\u00e9l\u00e9bration pour donner un t\u00e9moignage de gratitude, de remerciement sur quelque chose de v\u00e9cu cette ann\u00e9e.<br><br>Ce peut \u00eatre une rencontre, un geste, un mot qui nous a touch\u00e9, un bonheur dans la rencontre durant cette p\u00e9riode si particuli\u00e8re, et pour laquelle nous voulons dire merci. Aussi une nouveaut\u00e9, l\u2019inattendu qui nous a rejoint, quelque<br>chose que nous n\u2019aurions jamais fait et nous pousse \u00e0 dire merci au Seigneur.<br><br>Il est demand\u00e9 de suivre trois r\u00e8gles pour ces t\u00e9moignages de gratitude :<\/p>\n\n\n\n<ul class=\"wp-block-list\"><li>Pour des raisons de temps, s\u2019exprimer sous la forme d\u2019une gratitude \u00ab \u00e9clair \u00bb n\u2019exc\u00e9dant pas 30 secondes (une sorte de \u00ab pitch ou argumentaire \u00bb action de gr\u00e2ce),<\/li><li>terminer par un Merci Seigneur,<\/li><li>un groupe, c\u2019est deux personnes au minimum !<br><br>Merci de contacter l\u2019\u00e9quipe en charge de l\u2019organisation de la C\u00e9l\u00e9bration, une fois d\u00e9cid\u00e9 de vous lancer dans cette aventure !<br><br>Nous esp\u00e9rons de nombreux t\u00e9moignages d\u2019action de gr\u00e2ce !<br><br>Mathieu Ahouah, Christine Cauly, Grazielle Coutino, Pierre Peyrard, Patrick Viratelle<\/li><\/ul>\n","protected":false},"excerpt":{"rendered":"<p>Pour terminer cette ann\u00e9e si particuli\u00e8re, la messe du samedi 26 juin sera c\u00e9l\u00e9br\u00e9e en ext\u00e9rieur (si le temps le permet) et sera plac\u00e9e sous le signe de l\u2019action de gr\u00e2ce pour ce qui a \u00e9t\u00e9 v\u00e9cu. Elle permettra \u00e0 ceux qui le souhaitent dans les groupes de la paroisse de prendre la parole au cours de la c\u00e9l\u00e9bration : comme lors du nouveau \u00ab grand oral \u00bb du bac. Par Grand Oral, il faut comprendre que chaque groupe de <a class=\"more-link\" href=\"https:\/\/paroisses-chatenay.fr\/stgermain\/7525-2\/\">Lire plus &#8230;<\/a><\/p>\n","protected":false},"author":1,"featured_media":0,"comment_status":"closed","ping_status":"closed","sticky":false,"template":"","format":"standard","meta":{"_seopress_robots_primary_cat":"none","_seopress_titles_title":"","_seopress_titles_desc":"","_seopress_robots_index":"","jetpack_post_was_ever_published":false,"_jetpack_newsletter_access":"","_jetpack_dont_email_post_to_subs":false,"_jetpack_newsletter_tier_id":0,"_jetpack_memberships_contains_paywalled_content":false,"_jetpack_memberships_contains_paid_content":false,"footnotes":"","jetpack_publicize_message":"","jetpack_publicize_feature_enabled":true,"jetpack_social_post_already_shared":true,"jetpack_social_options":{"image_generator_settings":{"template":"highway","default_image_id":0,"font":"","enabled":false},"version":2}},"categories":[5],"tags":[],"class_list":["post-7525","post","type-post","status-publish","format-standard","hentry","category-la-paroisse-2"],"jetpack_publicize_connections":[],"jetpack_featured_media_url":"","jetpack_sharing_enabled":true,"jetpack_shortlink":"https:\/\/wp.me\/p8QOZc-1Xn","jetpack_likes_enabled":true,"_links":{"self":[{"href":"https:\/\/paroisses-chatenay.fr\/stgermain\/wp-json\/wp\/v2\/posts\/7525","targetHints":{"allow":["GET"]}}],"collection":[{"href":"https:\/\/paroisses-chatenay.fr\/stgermain\/wp-json\/wp\/v2\/posts"}],"about":[{"href":"https:\/\/paroisses-chatenay.fr\/stgermain\/wp-json\/wp\/v2\/types\/post"}],"author":[{"embeddable":true,"href":"https:\/\/paroisses-chatenay.fr\/stgermain\/wp-json\/wp\/v2\/users\/1"}],"replies":[{"embeddable":true,"href":"https:\/\/paroisses-chatenay.fr\/stgermain\/wp-json\/wp\/v2\/comments?post=7525"}],"version-history":[{"count":2,"href":"https:\/\/paroisses-chatenay.fr\/stgermain\/wp-json\/wp\/v2\/posts\/7525\/revisions"}],"predecessor-version":[{"id":7529,"href":"https:\/\/paroisses-chatenay.fr\/stgermain\/wp-json\/wp\/v2\/posts\/7525\/revisions\/7529"}],"wp:attachment":[{"href":"https:\/\/paroisses-chatenay.fr\/stgermain\/wp-json\/wp\/v2\/media?parent=7525"}],"wp:term":[{"taxonomy":"category","embeddable":true,"href":"https:\/\/paroisses-chatenay.fr\/stgermain\/wp-json\/wp\/v2\/categories?post=7525"},{"taxonomy":"post_tag","embeddable":true,"href":"https:\/\/paroisses-chatenay.fr\/stgermain\/wp-json\/wp\/v2\/tags?post=7525"}],"curies":[{"name":"wp","href":"https:\/\/api.w.org\/{rel}","templated":true}]}}