{"id":7595,"date":"2021-06-20T15:14:40","date_gmt":"2021-06-20T13:14:40","guid":{"rendered":"http:\/\/www.paroisses-chatenay.fr\/stgermain\/?p=7595"},"modified":"2021-06-20T15:14:44","modified_gmt":"2021-06-20T13:14:44","slug":"hiver-solidaire-rencontre-conviviale-le-samedi-26-juin-14h-a-lespace-senior","status":"publish","type":"post","link":"https:\/\/paroisses-chatenay.fr\/stgermain\/hiver-solidaire-rencontre-conviviale-le-samedi-26-juin-14h-a-lespace-senior\/","title":{"rendered":"Hiver Solidaire : rencontre conviviale le samedi 26 Juin, 14h, \u00e0 l&rsquo;Espace Senior"},"content":{"rendered":"\n<p class=\"has-normal-font-size\">Rencontre sur un projet pour h\u00e9berger la nuit l&rsquo;hiver dans des locaux d&rsquo;une des paroisses catholiques de Ch\u00e2tenay quelques personnes \u00e0 la rue en lien avec le CCAS.<\/p>\n\n\n\n<p class=\"has-normal-font-size\">Si cela peut int\u00e9resser des personnes motiv\u00e9es par la rencontre de personnes en difficult\u00e9s, par la possibilit\u00e9 d&rsquo;un engagement b\u00e9n\u00e9vole ponctuel. <\/p>\n\n\n\n<p class=\"has-normal-font-size\">A d\u00e9couvrir le Samedi 26 Juin, \u00e0 partir de 14h, \u00e0 l&rsquo;Espace S\u00e9nior, au 291 Avenue de la Division Leclerc, Ch\u00e2tenay Malabry.<\/p>\n","protected":false},"excerpt":{"rendered":"<p>Rencontre sur un projet pour h\u00e9berger la nuit l&rsquo;hiver dans des locaux d&rsquo;une des paroisses catholiques de Ch\u00e2tenay quelques personnes \u00e0 la rue en lien avec le CCAS. Si cela peut int\u00e9resser des personnes motiv\u00e9es par la rencontre de personnes en difficult\u00e9s, par la possibilit\u00e9 d&rsquo;un engagement b\u00e9n\u00e9vole ponctuel. A d\u00e9couvrir le Samedi 26 Juin, \u00e0 partir de 14h, \u00e0 l&rsquo;Espace S\u00e9nior, au 291 Avenue de la Division Leclerc, Ch\u00e2tenay Malabry.<\/p>\n","protected":false},"author":1,"featured_media":0,"comment_status":"closed","ping_status":"closed","sticky":false,"template":"","format":"standard","meta":{"_seopress_robots_primary_cat":"none","_seopress_titles_title":"","_seopress_titles_desc":"","_seopress_robots_index":"","jetpack_post_was_ever_published":false,"_jetpack_newsletter_access":"","_jetpack_dont_email_post_to_subs":false,"_jetpack_newsletter_tier_id":0,"_jetpack_memberships_contains_paywalled_content":false,"_jetpack_memberships_contains_paid_content":false,"footnotes":"","jetpack_publicize_message":"","jetpack_publicize_feature_enabled":true,"jetpack_social_post_already_shared":true,"jetpack_social_options":{"image_generator_settings":{"template":"highway","default_image_id":0,"font":"","enabled":false},"version":2}},"categories":[5],"tags":[],"class_list":["post-7595","post","type-post","status-publish","format-standard","hentry","category-la-paroisse-2"],"jetpack_publicize_connections":[],"jetpack_featured_media_url":"","jetpack_sharing_enabled":true,"jetpack_shortlink":"https:\/\/wp.me\/p8QOZc-1Yv","jetpack_likes_enabled":true,"_links":{"self":[{"href":"https:\/\/paroisses-chatenay.fr\/stgermain\/wp-json\/wp\/v2\/posts\/7595","targetHints":{"allow":["GET"]}}],"collection":[{"href":"https:\/\/paroisses-chatenay.fr\/stgermain\/wp-json\/wp\/v2\/posts"}],"about":[{"href":"https:\/\/paroisses-chatenay.fr\/stgermain\/wp-json\/wp\/v2\/types\/post"}],"author":[{"embeddable":true,"href":"https:\/\/paroisses-chatenay.fr\/stgermain\/wp-json\/wp\/v2\/users\/1"}],"replies":[{"embeddable":true,"href":"https:\/\/paroisses-chatenay.fr\/stgermain\/wp-json\/wp\/v2\/comments?post=7595"}],"version-history":[{"count":1,"href":"https:\/\/paroisses-chatenay.fr\/stgermain\/wp-json\/wp\/v2\/posts\/7595\/revisions"}],"predecessor-version":[{"id":7597,"href":"https:\/\/paroisses-chatenay.fr\/stgermain\/wp-json\/wp\/v2\/posts\/7595\/revisions\/7597"}],"wp:attachment":[{"href":"https:\/\/paroisses-chatenay.fr\/stgermain\/wp-json\/wp\/v2\/media?parent=7595"}],"wp:term":[{"taxonomy":"category","embeddable":true,"href":"https:\/\/paroisses-chatenay.fr\/stgermain\/wp-json\/wp\/v2\/categories?post=7595"},{"taxonomy":"post_tag","embeddable":true,"href":"https:\/\/paroisses-chatenay.fr\/stgermain\/wp-json\/wp\/v2\/tags?post=7595"}],"curies":[{"name":"wp","href":"https:\/\/api.w.org\/{rel}","templated":true}]}}