{"id":7713,"date":"2021-10-09T10:37:39","date_gmt":"2021-10-09T08:37:39","guid":{"rendered":"http:\/\/www.paroisses-chatenay.fr\/stgermain\/?p=7713"},"modified":"2021-10-09T10:37:41","modified_gmt":"2021-10-09T08:37:41","slug":"samedi-16-octobre-kerygma-journee-diocesaine-de-la-mission","status":"publish","type":"post","link":"https:\/\/paroisses-chatenay.fr\/stgermain\/samedi-16-octobre-kerygma-journee-diocesaine-de-la-mission\/","title":{"rendered":"Samedi 16 Octobre : K\u00e9rygma &#8211; Journ\u00e9e dioc\u00e9saine de la\u00a0Mission"},"content":{"rendered":"\n<p><strong>Aujourd&rsquo;hui, parler d\u2019\u00e9vang\u00e9lisation des adultes suscite des questions : pourquoi \u00e9vang\u00e9liser ? comment le faire sans pros\u00e9lytisme ?<\/strong><\/p>\n\n\n\n<p>Pour r\u00e9pondre \u00e0 ces questions et affermir notre d\u00e9sir missionnaire, notre \u00e9v\u00eaque nous invite \u00e0 participer \u00e0 <strong>K\u00e9rygma, une grande journ\u00e9e dioc\u00e9saine de la Mission<\/strong> <strong>le samedi 16 octobre 2021 \u00e0 Passy-Buzenval (Rueil-Malmaison) 9h-17h.<\/strong><\/p>\n\n\n\n<p>Au programme&nbsp;: enseignement introductif de Mgr <strong>Roug\u00e9<\/strong>, ateliers pratiques pour mener la mission, un forum des initiatives missionnaires sur notre dioc\u00e8se, des partages et la joie de la louange.<\/p>\n\n\n\n<p>Pour les pr\u00eatres et leurs \u00e9quipes d\u2019animation pastorale (EAP), les fid\u00e8les engag\u00e9s motiv\u00e9s par le sujet, les \u00e9coles catholiques, scoutisme, mouvements d\u2019action catholique et associations de fid\u00e8les. Chacun se sentant appel\u00e9 \u00e0 la mission est aussi le bienvenu.<strong>Ouverture des inscriptions le 6 septembre sur <\/strong><a href=\"https:\/\/diocese92.fr\/kerygma\" target=\"_blank\" rel=\"noreferrer noopener\"><strong>https:\/\/diocese92.fr\/kerygma<\/strong><\/a><\/p>\n\n\n\n<figure class=\"wp-block-embed is-type-video is-provider-youtube wp-block-embed-youtube wp-embed-aspect-16-9 wp-has-aspect-ratio\"><div class=\"wp-block-embed__wrapper\">\n<iframe loading=\"lazy\"  id=\"_ytid_93241\"  width=\"540\" height=\"304\"  data-origwidth=\"540\" data-origheight=\"304\" src=\"https:\/\/www.youtube.com\/embed\/dfShnxsXhYs?enablejsapi=1&#038;autoplay=0&#038;cc_load_policy=0&#038;cc_lang_pref=&#038;iv_load_policy=1&#038;loop=0&#038;rel=1&#038;fs=1&#038;playsinline=0&#038;autohide=2&#038;theme=dark&#038;color=red&#038;controls=1&#038;disablekb=0&#038;\" class=\"__youtube_prefs__  epyt-is-override  no-lazyload\" title=\"YouTube player\"  allow=\"fullscreen; accelerometer; autoplay; clipboard-write; encrypted-media; gyroscope; picture-in-picture; web-share\" referrerpolicy=\"strict-origin-when-cross-origin\" allowfullscreen data-no-lazy=\"1\" data-skipgform_ajax_framebjll=\"\"><\/iframe>\n<\/div><\/figure>\n\n\n\n<p><strong><span style=\"color:#f62606\" class=\"tadv-color\">OUVERTURE DES INSCRIPTIONS LE 6 SEPTEMBRE&#8230;<\/span><\/strong><\/p>\n","protected":false},"excerpt":{"rendered":"<p>Aujourd&rsquo;hui, parler d\u2019\u00e9vang\u00e9lisation des adultes suscite des questions : pourquoi \u00e9vang\u00e9liser ? comment le faire sans pros\u00e9lytisme ? Pour r\u00e9pondre \u00e0 ces questions et affermir notre d\u00e9sir missionnaire, notre \u00e9v\u00eaque nous invite \u00e0 participer \u00e0 K\u00e9rygma, une grande journ\u00e9e dioc\u00e9saine de la Mission le samedi 16 octobre 2021 \u00e0 Passy-Buzenval (Rueil-Malmaison) 9h-17h. Au programme&nbsp;: enseignement introductif de Mgr Roug\u00e9, ateliers pratiques pour mener la mission, un forum des initiatives missionnaires sur notre dioc\u00e8se, des partages et la joie de la <a class=\"more-link\" href=\"https:\/\/paroisses-chatenay.fr\/stgermain\/samedi-16-octobre-kerygma-journee-diocesaine-de-la-mission\/\">Lire plus &#8230;<\/a><\/p>\n","protected":false},"author":1,"featured_media":7715,"comment_status":"closed","ping_status":"closed","sticky":false,"template":"","format":"standard","meta":{"_seopress_robots_primary_cat":"none","_seopress_titles_title":"","_seopress_titles_desc":"","_seopress_robots_index":"","jetpack_post_was_ever_published":false,"_jetpack_newsletter_access":"","_jetpack_dont_email_post_to_subs":false,"_jetpack_newsletter_tier_id":0,"_jetpack_memberships_contains_paywalled_content":false,"_jetpack_memberships_contains_paid_content":false,"footnotes":"","jetpack_publicize_message":"","jetpack_publicize_feature_enabled":true,"jetpack_social_post_already_shared":true,"jetpack_social_options":{"image_generator_settings":{"template":"highway","default_image_id":0,"font":"","enabled":false},"version":2}},"categories":[11],"tags":[],"class_list":["post-7713","post","type-post","status-publish","format-standard","has-post-thumbnail","hentry","category-diocese"],"jetpack_publicize_connections":[],"jetpack_featured_media_url":"https:\/\/i0.wp.com\/paroisses-chatenay.fr\/stgermain\/wp-content\/uploads\/2021\/09\/kerygma_a3-21.png?fit=7028%2C9938&ssl=1","jetpack_sharing_enabled":true,"jetpack_shortlink":"https:\/\/wp.me\/p8QOZc-20p","jetpack_likes_enabled":true,"_links":{"self":[{"href":"https:\/\/paroisses-chatenay.fr\/stgermain\/wp-json\/wp\/v2\/posts\/7713","targetHints":{"allow":["GET"]}}],"collection":[{"href":"https:\/\/paroisses-chatenay.fr\/stgermain\/wp-json\/wp\/v2\/posts"}],"about":[{"href":"https:\/\/paroisses-chatenay.fr\/stgermain\/wp-json\/wp\/v2\/types\/post"}],"author":[{"embeddable":true,"href":"https:\/\/paroisses-chatenay.fr\/stgermain\/wp-json\/wp\/v2\/users\/1"}],"replies":[{"embeddable":true,"href":"https:\/\/paroisses-chatenay.fr\/stgermain\/wp-json\/wp\/v2\/comments?post=7713"}],"version-history":[{"count":16,"href":"https:\/\/paroisses-chatenay.fr\/stgermain\/wp-json\/wp\/v2\/posts\/7713\/revisions"}],"predecessor-version":[{"id":7880,"href":"https:\/\/paroisses-chatenay.fr\/stgermain\/wp-json\/wp\/v2\/posts\/7713\/revisions\/7880"}],"wp:featuredmedia":[{"embeddable":true,"href":"https:\/\/paroisses-chatenay.fr\/stgermain\/wp-json\/wp\/v2\/media\/7715"}],"wp:attachment":[{"href":"https:\/\/paroisses-chatenay.fr\/stgermain\/wp-json\/wp\/v2\/media?parent=7713"}],"wp:term":[{"taxonomy":"category","embeddable":true,"href":"https:\/\/paroisses-chatenay.fr\/stgermain\/wp-json\/wp\/v2\/categories?post=7713"},{"taxonomy":"post_tag","embeddable":true,"href":"https:\/\/paroisses-chatenay.fr\/stgermain\/wp-json\/wp\/v2\/tags?post=7713"}],"curies":[{"name":"wp","href":"https:\/\/api.w.org\/{rel}","templated":true}]}}