{"id":8016,"date":"2021-11-20T12:25:40","date_gmt":"2021-11-20T11:25:40","guid":{"rendered":"https:\/\/paroisses-chatenay.fr\/stgermain\/?p=8016"},"modified":"2021-11-20T16:35:11","modified_gmt":"2021-11-20T15:35:11","slug":"les-annonces-du-20-et-21-novembre-j3p-hiver-solidaire-soiree-esperance-messe-des-familles-preparation-de-noel","status":"publish","type":"post","link":"https:\/\/paroisses-chatenay.fr\/stgermain\/les-annonces-du-20-et-21-novembre-j3p-hiver-solidaire-soiree-esperance-messe-des-familles-preparation-de-noel\/","title":{"rendered":"Annonces du 20 et 21 Novembre : J3P, Hiver Solidaire, Soir\u00e9e Esp\u00e9rance , Messe des familles, pr\u00e9paration de No\u00ebl &#8230;"},"content":{"rendered":"\n<ol class=\"wp-block-list\"><li><strong><a href=\"https:\/\/paroisses-chatenay.fr\/stgermain\/wp-content\/uploads\/2021\/11\/J3P-n%C2%B069-21-11-au-19-12-2021.pdf\" target=\"_blank\" rel=\"noreferrer noopener\">Le nouveau J3P et le Petit Germinal<\/a><\/strong> sont \u00e0 votre disposition sur le pr\u00e9sentoir au fond de l\u2019\u00e9glise, n\u2019h\u00e9sitez pas \u00e0 vous servir : ils vous donneront toutes les indications pour les semaines \u00e0 venir, notamment les horaires pour les messes de No\u00ebl.<\/li><li><strong>Jeudi prochain, le 24 novembre<\/strong> : dans le cadre du projet hiver Solidaire, une conf\u00e9rence ouverte \u00e0 tous se tiendra au centre paroissial (derri\u00e8re l\u2019\u00e9glise) \u00e0 20 h 30. Thibault Leblond de l\u2019association \u00ab aux captifs la lib\u00e9ration \u00bb viendra nous parler du monde de la rue, et de l\u2019accompagnement des gens de la rue.<\/li><li><strong>Jeudi 2 d\u00e9cembre \u00e0 20h45-22 h <\/strong>: L\u2019ann\u00e9e St Joseph se termine le 8 d\u00e9cembre, Sp\u00e9ciale Soir\u00e9e Esp\u00e9rance \u00e0 l\u2019\u00e9cole de St Joseph artisan. Nous prierons en particulier pour le monde du travail et tous ceux qui y rencontrent difficult\u00e9s et souffrance. Si vous ne connaissez pas, c\u2019est un temps de pri\u00e8re pour interc\u00e9der pour les personnes en souffrance. N\u2019attendez plus\u2026venez nombreux.<\/li><li><strong>Vendredi 3 d\u00e9cembre<\/strong> : 1er vendredi du mois, sera propos\u00e9 un temps d\u2019adoration, apr\u00e8s la messe de 12 h 30<\/li><li><strong><a href=\"https:\/\/paroisses-chatenay.fr\/stgermain\/dimanche-4-decembre-18h30-messe-des-familles\/\">Samedi 4 d\u00e9cembre, 18 h30. la messe sera anim\u00e9e par<\/a><\/strong> et pour les familles, qui y seront toutes les bienvenues de 0 \u00e0 99 ans ! N\u2019h\u00e9sitez pas \u00e0 prendre un tract \u00e0 la fin de la messe et \u00e0 en faire la promotion<\/li><li><strong>Jeudi 9 d\u00e9cembre \u00e0 20h30<\/strong> : nous sommes tous invit\u00e9s \u00e0 nous joindre \u00e0 l\u2019\u00e9quipe de pr\u00e9paration des messes de No\u00ebl pour construire une belle liturgie. M\u00eame si vous serez absent de Ch\u00e2tenay le 24 au soir, merci de nous pr\u00eater mains fortes.<\/li><li>La parole \u00e0 un repr\u00e9sentant de l\u2019\u00e9quipe du Secours Catholique pour ce week end du 20\/21 Novembre \u2026<\/li><\/ol>\n","protected":false},"excerpt":{"rendered":"<p>Le nouveau J3P et le Petit Germinal sont \u00e0 votre disposition sur le pr\u00e9sentoir au fond de l\u2019\u00e9glise, n\u2019h\u00e9sitez pas \u00e0 vous servir : ils vous donneront toutes les indications pour les semaines \u00e0 venir, notamment les horaires pour les messes de No\u00ebl. Jeudi prochain, le 24 novembre : dans le cadre du projet hiver Solidaire, une conf\u00e9rence ouverte \u00e0 tous se tiendra au centre paroissial (derri\u00e8re l\u2019\u00e9glise) \u00e0 20 h 30. Thibault Leblond de l\u2019association \u00ab aux captifs la <a class=\"more-link\" href=\"https:\/\/paroisses-chatenay.fr\/stgermain\/les-annonces-du-20-et-21-novembre-j3p-hiver-solidaire-soiree-esperance-messe-des-familles-preparation-de-noel\/\">Lire plus &#8230;<\/a><\/p>\n","protected":false},"author":1,"featured_media":0,"comment_status":"closed","ping_status":"closed","sticky":false,"template":"","format":"standard","meta":{"_seopress_robots_primary_cat":"none","_seopress_titles_title":"","_seopress_titles_desc":"","_seopress_robots_index":"","jetpack_post_was_ever_published":false,"_jetpack_newsletter_access":"","_jetpack_dont_email_post_to_subs":false,"_jetpack_newsletter_tier_id":0,"_jetpack_memberships_contains_paywalled_content":false,"_jetpack_memberships_contains_paid_content":false,"footnotes":"","jetpack_publicize_message":"","jetpack_publicize_feature_enabled":true,"jetpack_social_post_already_shared":true,"jetpack_social_options":{"image_generator_settings":{"template":"highway","default_image_id":0,"font":"","enabled":false},"version":2}},"categories":[5],"tags":[],"class_list":["post-8016","post","type-post","status-publish","format-standard","hentry","category-la-paroisse-2"],"jetpack_publicize_connections":[],"jetpack_featured_media_url":"","jetpack_sharing_enabled":true,"jetpack_shortlink":"https:\/\/wp.me\/p8QOZc-25i","jetpack_likes_enabled":true,"_links":{"self":[{"href":"https:\/\/paroisses-chatenay.fr\/stgermain\/wp-json\/wp\/v2\/posts\/8016","targetHints":{"allow":["GET"]}}],"collection":[{"href":"https:\/\/paroisses-chatenay.fr\/stgermain\/wp-json\/wp\/v2\/posts"}],"about":[{"href":"https:\/\/paroisses-chatenay.fr\/stgermain\/wp-json\/wp\/v2\/types\/post"}],"author":[{"embeddable":true,"href":"https:\/\/paroisses-chatenay.fr\/stgermain\/wp-json\/wp\/v2\/users\/1"}],"replies":[{"embeddable":true,"href":"https:\/\/paroisses-chatenay.fr\/stgermain\/wp-json\/wp\/v2\/comments?post=8016"}],"version-history":[{"count":5,"href":"https:\/\/paroisses-chatenay.fr\/stgermain\/wp-json\/wp\/v2\/posts\/8016\/revisions"}],"predecessor-version":[{"id":8146,"href":"https:\/\/paroisses-chatenay.fr\/stgermain\/wp-json\/wp\/v2\/posts\/8016\/revisions\/8146"}],"wp:attachment":[{"href":"https:\/\/paroisses-chatenay.fr\/stgermain\/wp-json\/wp\/v2\/media?parent=8016"}],"wp:term":[{"taxonomy":"category","embeddable":true,"href":"https:\/\/paroisses-chatenay.fr\/stgermain\/wp-json\/wp\/v2\/categories?post=8016"},{"taxonomy":"post_tag","embeddable":true,"href":"https:\/\/paroisses-chatenay.fr\/stgermain\/wp-json\/wp\/v2\/tags?post=8016"}],"curies":[{"name":"wp","href":"https:\/\/api.w.org\/{rel}","templated":true}]}}