{"id":8371,"date":"2021-12-19T09:48:13","date_gmt":"2021-12-19T08:48:13","guid":{"rendered":"https:\/\/paroisses-chatenay.fr\/stgermain\/?p=8371"},"modified":"2021-12-19T09:48:36","modified_gmt":"2021-12-19T08:48:36","slug":"breves-eveche-du-15-decembre-2021","status":"publish","type":"post","link":"https:\/\/paroisses-chatenay.fr\/stgermain\/breves-eveche-du-15-decembre-2021\/","title":{"rendered":"Br\u00e8ves \u00e9v\u00each\u00e9 du 15 D\u00e9cembre 2021"},"content":{"rendered":"\n<p class=\"has-blue-color has-text-color has-large-font-size\"><strong>COLLOQUE SUR LE SALUT<\/strong><\/p>\n\n\n\n<p class=\"has-blue-color has-text-color has-large-font-size\"><strong>Samedi 29 janvier 2022, 9h-17h, Qu\u2019est-ce que le salut ? <\/strong><br><strong>Comment en parler ?<\/strong><\/p>\n\n\n\n<p>A la suite de la journ\u00e9e dioc\u00e9saine K\u00e9rygma, le Colloque sur le Salut invite les acteurs du dioc\u00e8se de Nanterre <strong>\u00e0 approfondir th\u00e9ologiquement et pastoralement la bonne nouvelle du salut offert \u00e0 tous<\/strong>. Le colloque comprend un temps d\u2019enseignement par 3 intervenants, le matin puis 13 ateliers, aux approches vari\u00e9es, qui seront propos\u00e9s au choix pour r\u00e9fl\u00e9chir et partager en petits groupes sur le sujet. La journ\u00e9e se terminera par une table ronde avec notre \u00e9v\u00eaque et les intervenants. Ce colloque, con\u00e7u comme un temps de formation, est ouvert \u00e0 tous, acteurs pastoraux et toute personne int\u00e9ress\u00e9e par l\u2019annonce du salut.<\/p>\n\n\n\n<p><strong>Plus d\u2019infos et inscriptions : <\/strong>&nbsp;<a href=\"https:\/\/diocese92.fr\/lesalut\">https:\/\/diocese92.fr\/lesalut<\/a><\/p>\n\n\n\n<p class=\"has-large-font-size\"><strong><span style=\"color:#21759b\" class=\"tadv-color\">PELERINAGE EN L\u2019HONNEUR DE SAINTE GENEVIEVE<\/span><\/strong><\/p>\n\n\n\n<p>Sous la conduite de Mgr Matthieu Roug\u00e9, <strong>le dimanche 9 Janvier 2022, de 8h \u00e0 15h30<\/strong> un parcours \u00e0 pied d\u2019environ 7km de Saint-Jean-Baptiste de Neuilly vers la cath\u00e9drale Sainte-Genevi\u00e8ve de Nanterre en passant par le sanctuaire de Notre-Dame-de-Bonne-D\u00e9livrance. Cette onzi\u00e8me \u00e9dition du p\u00e8lerinage dioc\u00e9sain en l\u2019honneur de sainte Genevi\u00e8ve s\u2019inscrit dans une d\u00e9marche de pri\u00e8re autour de la sainte patronne de notre dioc\u00e8se et se terminera par une messe et la v\u00e9n\u00e9ration des reliques \u00e0 la cath\u00e9drale pour confier la nouvelle ann\u00e9e et notre dioc\u00e8se \u00e0 l\u2019intercession de Sainte-Genevi\u00e8ve.<\/p>\n\n\n\n<p><strong>Programme et inscription sur : <\/strong><a href=\"https:\/\/diocese92.fr\/pelerinage-saintegenevi\u00e8ve-2022\">https:\/diocese92.fr\/pelerinage-saintegenevi\u00e8ve-2022<\/a><strong><\/strong><\/p>\n\n\n\n<p><strong>Contact&nbsp;:<\/strong> <a href=\"mailto:pelerinages@diocese92.fr\">pelerinages@diocese92.fr<\/a><\/p>\n\n\n\n<p class=\"has-blue-color has-text-color has-large-font-size\"><strong>FORMATION AU CHANT DU PSAUME<\/strong><strong><\/strong><\/p>\n\n\n\n<p>Cycle de formation au chant du psaume&nbsp;de 9h30 \u00e0 12h15 les <strong>samedis 15 et 22 janvier, 5 et 12 f\u00e9vrier 2022.<\/strong> Pour tous ceux qui souhaitent apprendre \u00e0 chanter les psaumes, pour les c\u00e9l\u00e9brations eucharistiques, pour la liturgie des heures, pour soi-m\u00eame&#8230; D\u00e9couvrir le psaume dans ses dimensions biblique, liturgique et musicale.<\/p>\n\n\n\n<p><strong>D\u00e9tails<\/strong><strong> sur<\/strong> <a href=\"https:\/\/diocese92.fr\/Formation-au-chant-du-psaume-22113\">https:\/\/diocese92.fr\/Formation-au-chant-du-psaume-22113<\/a><\/p>\n\n\n\n<p><strong>Lieu&nbsp;:<\/strong> Maison de la Parole, 4 bis rue H\u00e9l\u00e8ne Loiret \u00e0 Meudon (92190)<\/p>\n\n\n\n<p><strong>Renseignements et inscriptions&nbsp;:<\/strong> Service dioc\u00e9sain de musique liturgique<\/p>\n\n\n\n<p><strong>t\u00e9l&nbsp;:<\/strong> 01 41 38 12 54 &#8211; mail&nbsp;: <a href=\"mailto:musiqueliturgique@diocese92.fr\">musiqueliturgique@diocese92.fr<\/a><\/p>\n\n\n\n<p class=\"has-blue-color has-text-color has-large-font-size\"><strong>PAUSE COUPLE<\/strong><\/p>\n\n\n\n<p>Les trois Conseillers conjugaux et familiaux de la Maison des Familles du 92, vous invitent \u00e0 faire une \u00ab Pause \u00bb, une \u00ab Pause \u2013Couple \u00bb, par 3 modules (ind\u00e9pendants) de 2 rencontres. Dans ces soir\u00e9es anim\u00e9es par nos trois Conseillers conjugaux et familiaux vous aurez des apports th\u00e9oriques, des partages en t\u00eate-\u00e0-t\u00eate et des \u00e9changes en groupe sur quelques aspects de la vie conjugale.<\/p>\n\n\n\n<p><strong>Module 1 : Ecouter nos besoins<\/strong><\/p>\n\n\n\n<p><strong>Dates :<\/strong> Lundi 17 janvier de 20h30 \u00e0 22h00 et Lundi 7 f\u00e9vrier de 20h30 \u00e0 22h00<\/p>\n\n\n\n<p><strong>Tarif :<\/strong> 20 euros par couple et par module<\/p>\n\n\n\n<p><strong>Inscriptions :<\/strong> <a href=\"http:\/\/www.maisondesfamilles92.com\">www.maisondesfamilles92.com<\/a><\/p>\n\n\n\n<p class=\"has-blue-color has-text-color has-large-font-size\"><strong>GROUPE DE PAROLE : CHEMIN D\u2019ESPERANCE, POUR LES COUPLES EN ESPERANCE D\u2019ENFANT<\/strong><\/p>\n\n\n\n<p>Ce parcours est un temps de r\u00e9flexion et un lieu de consolation articul\u00e9 autour de 3 rencontres :<\/p>\n\n\n\n<ul class=\"wp-block-list\"><li>pour vous donner des pistes et vous aider \u00e0 vivre et surmonter en couple la souffrance<\/li><li>pour vous rappeler que votre amour de couple est f\u00e9cond et que Dieu a un projet pour vous<\/li><li>pour rendre gr\u00e2ce \u00e0 Dieu pour la grandeur de votre couple, et pour les gr\u00e2ces re\u00e7ues et \u00e0 recevoir<\/li><\/ul>\n\n\n\n<p><strong>Date :<\/strong> Samedi 15 janvier de 12h \u00e0 17h<\/p>\n\n\n\n<p><strong>Tarif :<\/strong> Participation aux frais<\/p>\n\n\n\n<p><strong>Inscriptions : <\/strong><a href=\"http:\/\/www.maisondesfamilles92.com\">www.maisondesfamilles92.com<\/a><\/p>\n\n\n\n<p class=\"has-blue-color has-text-color has-large-font-size\"><strong>FORMATIONS PRATIQUES DESTINEES AUX ACTEURS DE L\u2019EGLISE<\/strong><strong><\/strong><\/p>\n\n\n\n<p>Le service dioc\u00e9sain pour la Formation et l\u2019Evang\u00e9lisation propose les formations suivantes&nbsp;:<\/p>\n\n\n\n<ul class=\"wp-block-list\"><li>\u00ab<strong>&nbsp;ETRE A L\u2019ECOUTE&nbsp;\u00bb,<\/strong> assur\u00e9e par des coachs professionnels. Cycle de de 2 journ\u00e9es indissociables : les lundis 24 janvier et 7 mars 2022, 9h15 \u00e0 17h \u00e0 la Maison dioc\u00e9saine de Nanterre ou les vendredis 8 avril et 13 mai 2022, 9h15 \u00e0 17h \u00e0 Notre Dame de Pentec\u00f4te.<\/li><li><strong>\u00ab COMMUNIQUER AVEC BIENVEILLANCE \u00bb,<\/strong> anim\u00e9e par Florence Peltier, coach en psychologie positive : jeudi 27 janvier 2022, 9h15-17h \u00e0 la Maison de la Parole.<\/li><li>\u00ab&nbsp;<strong>GERER LES CONFLITS<\/strong>&nbsp;\u00bb anim\u00e9e par Christine Salmon-Legagneur, coach professionnelle&nbsp;: lundi 31 janvier 2022, 9h15 \u00e0 17h \u00e0 la Maison dioc\u00e9saine de Nanterre.<\/li><\/ul>\n\n\n\n<p>Plus d\u2019infos et inscriptions : <a href=\"https:\/\/diocese92.fr\/-Formations-\">https:\/\/diocese92.fr\/-Formations-<\/a> <a href=\"mailto:formation@diocese92.fr\">formation@diocese92.fr<\/a>&nbsp;<\/p>\n\n\n\n<p class=\"has-blue-color has-text-color has-large-font-size\"><strong>PELERINAGE DU MONASTERE INVISIBLE<\/strong><\/p>\n\n\n\n<p>Une journ\u00e9e de P\u00e8lerinage <strong>au sanctuaire de Montligeon, pr\u00e9sid<\/strong><strong>\u00e9<\/strong><strong> par Mgr Matthieu Roug\u00e9<\/strong>. <strong>Venez prier pour les vocations sacerdotales et religieuses et pour nos pr\u00eatres<\/strong>, nos religieux et religieuses d\u00e9funts, et pour les d\u00e9funts de nos familles&nbsp;: <strong>le Samedi 15 janvier 2022, 7h-20h. <\/strong>D\u00e9placement en car (sur inscription) ou par voiture individuelle. Une proposition sera faite pour les enfants de 5-12 ans en fonction du nombre.<\/p>\n\n\n\n<p><strong>T\u00e9l\u00e9chargez la fiche d\u2019inscription sur&nbsp;: <\/strong><a href=\"https:\/\/monastere-invisible92.fr\/\"><strong>https:\/\/monastere-invisible92.fr\/<\/strong><\/a><strong><\/strong><\/p>\n\n\n\n<p><strong>Inscriptions par mail&nbsp;:<\/strong> <a href=\"mailto:vocations@diocese92.fr\">vocations@diocese92.fr<\/a> ou par courrier avec r\u00e8glement :<\/p>\n\n\n\n<p class=\"has-blue-color has-text-color has-large-font-size\"><strong>MISSION DE FOYER D\u2019ACCUEIL<\/strong><\/p>\n\n\n\n<p>Chaque ann\u00e9e, l\u2019\u00e9v\u00eaque appelle entre 5 et 10 couples pour devenir foyer d\u2019accueil. La mission consiste \u00e0 habiter un lieu d\u2019\u00c9glise (presbyt\u00e8re, AEP, Maison d\u2019\u00c9glise) pour y t\u00e9moigner d\u2019une vie de couple uni par le sacrement du mariage, participer activement \u00e0 la vie de la communaut\u00e9 chr\u00e9tienne, prendre soin des personnes et veiller sur les lieux. Cette mission b\u00e9n\u00e9vole est confi\u00e9e pour une dur\u00e9e de 3 \u00e0 5 ans.<\/p>\n\n\n\n<p>Info : <a href=\"https:\/\/diocese92.fr\/-foyer-accueil-\">https:\/\/diocese92.fr\/-foyer-accueil-<\/a> Contact : <a href=\"mailto:lme@diocese92.fr\">lme@diocese92.fr<\/a><\/p>\n\n\n\n<p class=\"has-blue-color has-text-color has-large-font-size\"><strong>RECRUTEMENTS<\/strong><\/p>\n\n\n\n<p><strong>Le dioc\u00e8se de Nanterre recherche&nbsp;:<\/strong><\/p>\n\n\n\n<p><strong><u>Salari\u00e9s&nbsp;:<\/u><\/strong><strong><\/strong><\/p>\n\n\n\n<ul class=\"wp-block-list\"><li><strong>Un(e) responsable d\u2019aum\u00f4nerie :<\/strong><a href=\"https:\/\/diocese92.fr\/-Offres-AEP-\"><\/a> <a href=\"https:\/\/diocese92.fr\/Responsable-AEP-Saint-Cloud\">https:\/\/diocese92.fr\/Responsable-AEP-Saint-Cloud<\/a><\/li><li><strong>Un(e) comptable pour plusieurs paroisses&nbsp;: <\/strong><a href=\"https:\/\/diocese92.fr\/comptables-paroisses\">https:\/\/diocese92.fr\/comptables-paroisses<\/a><\/li><li><strong>Un(e) comptable pour la maison dioc\u00e9saine&nbsp;: <\/strong><a href=\"https:\/\/diocese92.fr\/comptable\">https:\/\/diocese92.fr\/comptable<\/a><\/li><\/ul>\n\n\n\n<p><strong><u>Stagiaires\u00a0:<\/u><\/strong><\/p>\n\n\n\n<ul class=\"wp-block-list\"><li><strong>Un(e) stagiaire graphiste longue dur\u00e9e&nbsp;: <\/strong><a href=\"https:\/\/diocese92.fr\/stage-graphiste\">https:\/\/diocese92.fr\/stage-graphiste<\/a><\/li><li><strong>Un(e) assistant(e) charg\u00e9(e) de communication digitale en stage ou en alternance : <\/strong><a href=\"https:\/\/diocese92.fr\/assistant-digital\">https:\/\/diocese92.fr\/assistant-digital<\/a><strong><\/strong><\/li><\/ul>\n\n\n\n<p><strong><u>B\u00e9n\u00e9voles&nbsp;:<\/u><\/strong><strong><\/strong><\/p>\n\n\n\n<ul class=\"wp-block-list\"><li><strong>Pour le p\u00f4le formation des Aum\u00f4neries de l\u2019Enseignement Public&nbsp;: <\/strong><a href=\"https:\/\/diocese92.fr\/Benevole-Aumoneries-de-l-Enseignement-Public\">https:\/\/diocese92.fr\/Benevole-Aumoneries-de-l-Enseignement-Public<\/a><\/li><li><strong>Une comptable b\u00e9n\u00e9vole pour plusieurs paroisses&nbsp;: <\/strong><a href=\"https:\/\/diocese92.fr\/comptable-benevole\">https:\/\/diocese92.fr\/comptable-benevole<\/a><\/li><li><strong>B\u00e9n\u00e9vole fiscaliste&nbsp;: <\/strong><a href=\"https:\/\/diocese92.fr\/Benevole-fiscaliste\">https:\/\/diocese92.fr\/Benevole-fiscaliste<\/a><strong><\/strong><\/li><\/ul>\n\n\n\n<p><strong>Les offres sont \u00e0 retrouver sur&nbsp;:<\/strong> <a href=\"https:\/\/diocese92.fr\/-emploi-\">https:\/\/diocese92.fr\/-emploi-<\/a><\/p>\n\n\n\n<p><strong>L\u2019association culturelle, \u00e9ducative et de loisirs ACEL 92 recherche des animateurs titulaires ou stagiaires BAFA <\/strong>:&nbsp;<a href=\"https:\/\/diocese92.fr\/-Offres-Patronage-\">https:\/\/diocese92.fr\/-Offres-Patronage-<\/a><\/p>\n\n\n\n<p>Les candidatures (CV et lettre de motivation) sont \u00e0 envoyer sur <a href=\"mailto:recrutement@diocese92.fr\">recrutement@diocese92.fr<\/a><\/p>\n","protected":false},"excerpt":{"rendered":"<p>COLLOQUE SUR LE SALUT Samedi 29 janvier 2022, 9h-17h, Qu\u2019est-ce que le salut ? Comment en parler ? A la suite de la journ\u00e9e dioc\u00e9saine K\u00e9rygma, le Colloque sur le Salut invite les acteurs du dioc\u00e8se de Nanterre \u00e0 approfondir th\u00e9ologiquement et pastoralement la bonne nouvelle du salut offert \u00e0 tous. Le colloque comprend un temps d\u2019enseignement par 3 intervenants, le matin puis 13 ateliers, aux approches vari\u00e9es, qui seront propos\u00e9s au choix pour r\u00e9fl\u00e9chir et partager en petits groupes <a class=\"more-link\" href=\"https:\/\/paroisses-chatenay.fr\/stgermain\/breves-eveche-du-15-decembre-2021\/\">Lire plus &#8230;<\/a><\/p>\n","protected":false},"author":1,"featured_media":0,"comment_status":"closed","ping_status":"closed","sticky":false,"template":"","format":"standard","meta":{"_seopress_robots_primary_cat":"none","_seopress_titles_title":"","_seopress_titles_desc":"","_seopress_robots_index":"","jetpack_post_was_ever_published":false,"_jetpack_newsletter_access":"","_jetpack_dont_email_post_to_subs":false,"_jetpack_newsletter_tier_id":0,"_jetpack_memberships_contains_paywalled_content":false,"_jetpack_memberships_contains_paid_content":false,"footnotes":"","jetpack_publicize_message":"","jetpack_publicize_feature_enabled":true,"jetpack_social_post_already_shared":true,"jetpack_social_options":{"image_generator_settings":{"template":"highway","default_image_id":0,"font":"","enabled":false},"version":2}},"categories":[5],"tags":[],"class_list":["post-8371","post","type-post","status-publish","format-standard","hentry","category-la-paroisse-2"],"jetpack_publicize_connections":[],"jetpack_featured_media_url":"","jetpack_sharing_enabled":true,"jetpack_shortlink":"https:\/\/wp.me\/p8QOZc-2b1","jetpack_likes_enabled":true,"_links":{"self":[{"href":"https:\/\/paroisses-chatenay.fr\/stgermain\/wp-json\/wp\/v2\/posts\/8371","targetHints":{"allow":["GET"]}}],"collection":[{"href":"https:\/\/paroisses-chatenay.fr\/stgermain\/wp-json\/wp\/v2\/posts"}],"about":[{"href":"https:\/\/paroisses-chatenay.fr\/stgermain\/wp-json\/wp\/v2\/types\/post"}],"author":[{"embeddable":true,"href":"https:\/\/paroisses-chatenay.fr\/stgermain\/wp-json\/wp\/v2\/users\/1"}],"replies":[{"embeddable":true,"href":"https:\/\/paroisses-chatenay.fr\/stgermain\/wp-json\/wp\/v2\/comments?post=8371"}],"version-history":[{"count":2,"href":"https:\/\/paroisses-chatenay.fr\/stgermain\/wp-json\/wp\/v2\/posts\/8371\/revisions"}],"predecessor-version":[{"id":8374,"href":"https:\/\/paroisses-chatenay.fr\/stgermain\/wp-json\/wp\/v2\/posts\/8371\/revisions\/8374"}],"wp:attachment":[{"href":"https:\/\/paroisses-chatenay.fr\/stgermain\/wp-json\/wp\/v2\/media?parent=8371"}],"wp:term":[{"taxonomy":"category","embeddable":true,"href":"https:\/\/paroisses-chatenay.fr\/stgermain\/wp-json\/wp\/v2\/categories?post=8371"},{"taxonomy":"post_tag","embeddable":true,"href":"https:\/\/paroisses-chatenay.fr\/stgermain\/wp-json\/wp\/v2\/tags?post=8371"}],"curies":[{"name":"wp","href":"https:\/\/api.w.org\/{rel}","templated":true}]}}