{"id":8507,"date":"2022-01-22T17:21:25","date_gmt":"2022-01-22T16:21:25","guid":{"rendered":"https:\/\/paroisses-chatenay.fr\/stgermain\/?p=8507"},"modified":"2022-01-23T10:33:17","modified_gmt":"2022-01-23T09:33:17","slug":"informations-diocesaines-du-23-01-au-20-02-2022","status":"publish","type":"post","link":"https:\/\/paroisses-chatenay.fr\/stgermain\/informations-diocesaines-du-23-01-au-20-02-2022\/","title":{"rendered":"Informations dioc\u00e9saines du 23\/01 au 20\/02 2022"},"content":{"rendered":"\n<p class=\"has-normal-font-size\"><span style=\"color:#21759b\" class=\"tadv-color\"><strong>L&rsquo;Exposition l&rsquo;ART, LE PR\u00caTRE, LE DIACRE ouvre ses portes du 5 au 13 f\u00e9vrier \u00e0 Courbevoie<\/strong><\/span><\/p>\n\n\n\n<p>Le pr\u00eatre qui vous a mari\u00e9s, savez-vous qu\u2019il peint ? Le diacre qui vient de baptiser votre petit dernier, vous a-t-il d\u00e9j\u00e0 dit qu\u2019il \u00e9crit des po\u00e8mes ? Et peut-\u00eatre avez-vous entendu une messe compos\u00e9e par un de vos amis pr\u00eatres ?<\/p>\n\n\n\n<p>Le pr\u00eatre et le diacre : leur vie est marqu\u00e9e par leur attachement \u00e0 J\u00e9sus-Christ. Mais \u00e0 cause m\u00eame de cet attachement, ils savent regarder le monde, capter, une lumi\u00e8re \u00e0 la fin du jour, un reflet sur l\u2019eau, un visage, un geste \u2026<\/p>\n\n\n\n<p>En ce d\u00e9but d\u2019ann\u00e9e, nous avons la joie de vous inviter \u00e0 notre Exposition \u00ab L\u2019Art, le Pr\u00eatre, le Diacre dans les Hauts de Seine \u00bb, les 5-6 puis les 12-13 f\u00e9vrier 2022, de 10h \u00e0 18h, dans la chapelle Ste Th\u00e9r\u00e8se, 7 bd st Denis, \u00e0 Courbevoie. Plus d&rsquo;infos sur le site <a rel=\"noreferrer noopener\" href=\"http:\/\/pretresdiacres-artistesaussi.fr\" target=\"_blank\">pretresdiacres-artistesaussi.fr<\/a><br><strong><span style=\"color:#21759b\" class=\"tadv-color\">P\u00e8re Jean-Paul CAZES<\/span><\/strong><\/p>\n\n\n\n<hr class=\"wp-block-separator is-style-wide\"\/>\n\n\n\n<p class=\"has-normal-font-size\"><span style=\"color:#21759b\" class=\"tadv-color\"><strong>La F\u00e9d\u00e9ration des Associations Familiales Catholiques des Hauts-de-Seine et la Maison des familles Saint Fran\u00e7ois de Sales vous invitent Samedi 12 f\u00e9vrier 2022 \u00e0 un apr\u00e8s-midi de conf\u00e9rences et table ronde en pr\u00e9sence de Mgr Matthieu Roug\u00e9, sur le th\u00e8me : <\/strong><\/span><\/p>\n\n\n\n<p><strong><span style=\"color:#21759b\" class=\"tadv-color\">\u00catre une famille chr\u00e9tienne dans un monde s\u00e9cularis\u00e9 ou comment conduire nos familles \u00e0 devenir \u00ab le ferment d\u2019une nouvelle humanit\u00e9 et d\u2019une solidarit\u00e9 concr\u00e8te et universelle \u00bb comme nous y invite le pape Fran\u00e7ois ?<\/span><\/strong><br><\/p>\n\n\n\n<p>Programme : Samedi 12 f\u00e9vrier de 14h30 \u00e0 17h45 \u00e0 la Maison des familles Saint-Fran\u00e7ois-de-Sales suivi de la Messe \u00e0 18h00.<br>Information et inscription : <a rel=\"noreferrer noopener\" href=\"https:\/\/afc92.org\/2021\/12\/09\/table-ronde-etre-une-famille-chretienne-dans-un-monde-secularise\/\" target=\"_blank\">https:\/\/afc92.org\/2021\/12\/09\/table-ronde-etre-une-famille-chretienne-dans-un-monde-secularise\/<\/a> &#8211; Adresse : Maison des Familles 1 parvis Jean-Paul II,<br>92100 Boulogne-Billancourt<\/p>\n\n\n\n<hr class=\"wp-block-separator is-style-wide\"\/>\n\n\n\n<p class=\"has-normal-font-size\"><span style=\"color:#21759b\" class=\"tadv-color\"><strong>Cellule d\u2019\u00c9coute du dioc\u00e8se : ecoutevictime@diocese92.fr &#8211; 06.81.74.23.44<\/strong><\/span><\/p>\n","protected":false},"excerpt":{"rendered":"<p>L&rsquo;Exposition l&rsquo;ART, LE PR\u00caTRE, LE DIACRE ouvre ses portes du 5 au 13 f\u00e9vrier \u00e0 Courbevoie Le pr\u00eatre qui vous a mari\u00e9s, savez-vous qu\u2019il peint ? Le diacre qui vient de baptiser votre petit dernier, vous a-t-il d\u00e9j\u00e0 dit qu\u2019il \u00e9crit des po\u00e8mes ? Et peut-\u00eatre avez-vous entendu une messe compos\u00e9e par un de vos amis pr\u00eatres ? Le pr\u00eatre et le diacre : leur vie est marqu\u00e9e par leur attachement \u00e0 J\u00e9sus-Christ. Mais \u00e0 cause m\u00eame de cet attachement, <a class=\"more-link\" href=\"https:\/\/paroisses-chatenay.fr\/stgermain\/informations-diocesaines-du-23-01-au-20-02-2022\/\">Lire plus &#8230;<\/a><\/p>\n","protected":false},"author":1,"featured_media":0,"comment_status":"closed","ping_status":"closed","sticky":false,"template":"","format":"standard","meta":{"_seopress_robots_primary_cat":"none","_seopress_titles_title":"","_seopress_titles_desc":"","_seopress_robots_index":"","jetpack_post_was_ever_published":false,"_jetpack_newsletter_access":"","_jetpack_dont_email_post_to_subs":false,"_jetpack_newsletter_tier_id":0,"_jetpack_memberships_contains_paywalled_content":false,"_jetpack_memberships_contains_paid_content":false,"footnotes":"","jetpack_publicize_message":"","jetpack_publicize_feature_enabled":true,"jetpack_social_post_already_shared":true,"jetpack_social_options":{"image_generator_settings":{"template":"highway","default_image_id":0,"font":"","enabled":false},"version":2}},"categories":[5],"tags":[],"class_list":["post-8507","post","type-post","status-publish","format-standard","hentry","category-la-paroisse-2"],"jetpack_publicize_connections":[],"jetpack_featured_media_url":"","jetpack_sharing_enabled":true,"jetpack_shortlink":"https:\/\/wp.me\/p8QOZc-2dd","jetpack_likes_enabled":true,"_links":{"self":[{"href":"https:\/\/paroisses-chatenay.fr\/stgermain\/wp-json\/wp\/v2\/posts\/8507","targetHints":{"allow":["GET"]}}],"collection":[{"href":"https:\/\/paroisses-chatenay.fr\/stgermain\/wp-json\/wp\/v2\/posts"}],"about":[{"href":"https:\/\/paroisses-chatenay.fr\/stgermain\/wp-json\/wp\/v2\/types\/post"}],"author":[{"embeddable":true,"href":"https:\/\/paroisses-chatenay.fr\/stgermain\/wp-json\/wp\/v2\/users\/1"}],"replies":[{"embeddable":true,"href":"https:\/\/paroisses-chatenay.fr\/stgermain\/wp-json\/wp\/v2\/comments?post=8507"}],"version-history":[{"count":5,"href":"https:\/\/paroisses-chatenay.fr\/stgermain\/wp-json\/wp\/v2\/posts\/8507\/revisions"}],"predecessor-version":[{"id":8527,"href":"https:\/\/paroisses-chatenay.fr\/stgermain\/wp-json\/wp\/v2\/posts\/8507\/revisions\/8527"}],"wp:attachment":[{"href":"https:\/\/paroisses-chatenay.fr\/stgermain\/wp-json\/wp\/v2\/media?parent=8507"}],"wp:term":[{"taxonomy":"category","embeddable":true,"href":"https:\/\/paroisses-chatenay.fr\/stgermain\/wp-json\/wp\/v2\/categories?post=8507"},{"taxonomy":"post_tag","embeddable":true,"href":"https:\/\/paroisses-chatenay.fr\/stgermain\/wp-json\/wp\/v2\/tags?post=8507"}],"curies":[{"name":"wp","href":"https:\/\/api.w.org\/{rel}","templated":true}]}}