{"id":8569,"date":"2022-02-06T16:02:57","date_gmt":"2022-02-06T15:02:57","guid":{"rendered":"https:\/\/paroisses-chatenay.fr\/stgermain\/?p=8569"},"modified":"2022-02-06T16:03:00","modified_gmt":"2022-02-06T15:03:00","slug":"semaine-de-priere-pour-lunite-des-chretiens-du-20-au-25-janvier-2022","status":"publish","type":"post","link":"https:\/\/paroisses-chatenay.fr\/stgermain\/semaine-de-priere-pour-lunite-des-chretiens-du-20-au-25-janvier-2022\/","title":{"rendered":"Semaine de pri\u00e8re pour l&rsquo;unit\u00e9 des Chr\u00e9tiens du 20 au 25 Janvier 2022"},"content":{"rendered":"\n<p class=\"has-normal-font-size\"><strong>Pri\u00e8re d\u2019intercession pour l\u2019unit\u00e9 des chr\u00e9tiens<\/strong><br><span style=\"color:#21759b\" class=\"tadv-color\">Si vous n\u2019avez pu participer, ce jeudi 20 janvier 2022, \u00e0 Sainte Bathilde, \u00e0 la veill\u00e9e de la semaine de pri\u00e8re pour l\u2019unit\u00e9 des chr\u00e9tiens, vous pouvez encore y participer en portant dans votre pri\u00e8re les intentions de la pri\u00e8re d\u2019intercession<\/span>.<\/p>\n\n\n\n<p><strong><span style=\"color:#21759b\" class=\"tadv-color\">Pri\u00e8re d\u2019intercession<\/span><\/strong><br>Avec foi et confiance, nous nous pr\u00e9sentons en pri\u00e8re devant Dieu, qui est P\u00e8re, Fils et Saint Esprit :<br>Les Rois Mages sont venus d\u2019Orient pour rendre hommage \u00e0 l\u2019enfant J\u00e9sus et lui offrir des dons pr\u00e9cieux provenant de leurs cultures et de leurs pays. Nous prions aujourd\u2019hui pour les communaut\u00e9s chr\u00e9tiennes du monde entier, riches de leur diversit\u00e9 de cultes et de traditions. Seigneur, nous te demandons de pr\u00e9server ces tr\u00e9sors, en particulier dans les r\u00e9gions du monde o\u00f9 la pr\u00e9sence et la survie des chr\u00e9tiens sont menac\u00e9es par la violence et l\u2019oppression.<br><strong><span style=\"color:#e5ae4a\" class=\"tadv-color\">R\/ Seigneur, entends la pri\u00e8re qui monte de nos c\u0153urs<\/span><\/strong><\/p>\n\n\n\n<p>Les premi\u00e8res ann\u00e9es de la vie du Seigneur ont \u00e9t\u00e9 marqu\u00e9es par la violence et les massacres ordonn\u00e9s par le despotique roi H\u00e9rode. Nous prions pour les enfants des r\u00e9gions du monde marqu\u00e9es par la violence dont les cons\u00e9quences sont sous nos yeux. Renforce, Seigneur, les liens d\u2019unit\u00e9 et d\u2019amour r\u00e9ciproque entre nos \u00c9glises et aide nous \u00e0 coop\u00e9rer et t\u00e9moigner en ton saint Nom. Fais que nous travaillions sans rel\u00e2che pour d\u00e9fendre les opprim\u00e9s et accueillir les marginaux parmi nous. Face \u00e0 la tyrannie et aux r\u00e9gimes oppressifs, encourage nous \u00e0 rester unis dans notre qu\u00eate de ton Royaume parmi nous. <strong><span style=\"color:#e5ae4a\" class=\"tadv-color\">R\/<\/span><\/strong><\/p>\n\n\n\n<p>Apr\u00e8s la visite des Rois Mages, la Sainte Famille a d\u00fb migrer \u00e0 travers le d\u00e9sert pour se r\u00e9fugier en \u00c9gypte. Nous prions pour tous les r\u00e9fugi\u00e9s et les personnes d\u00e9racin\u00e9es en ce monde : Accorde nous, Seigneur, de savoir accueillir ceux qui sont chass\u00e9s de leur foyer et d\u2019\u00eatre ouverts \u00e0 ceux qui cherchent un refuge s\u00fbr. <strong><span style=\"color:#e5ae4a\" class=\"tadv-color\">R\/<\/span><\/strong><\/p>\n\n\n\n<p>La naissance de J\u00e9sus fut une bonne nouvelle pour tous, rassemblant des personnes de diff\u00e9rentes nations et religions dans l\u2019adoration du Saint Enfant. Nous prions afin que nous sachions rechercher harmonie et dialogue avec les autres religions. Seigneur, donne nous l\u2019humilit\u00e9 et la patience d\u2019accompagner les autres avec respect tout au long de leur chemin. <strong><span style=\"color:#e5ae4a\" class=\"tadv-color\">R\/<\/span><\/strong><\/p>\n\n\n\n<p>Les Rois Mages sont retourn\u00e9s chez eux par un autre chemin. Nous prions pour nos \u00c9glises dans ce monde en mutation. Seigneur, aide nous \u00e0 \u00eatre inventifs et \u00e0 trouver de nouveaux moyens de te suivre et de te rendre t\u00e9moignage afin que le monde croie. <strong><span style=\"color:#e5ae4a\" class=\"tadv-color\">R\/<\/span><\/strong><\/p>\n\n\n\n<p class=\"has-yellow-color has-text-color\">Lorsque les Mages virent le Saint Enfant ils \u00e9prouv\u00e8rent une joie immense.<br>P\u00e8re c\u00e9leste, fixe notre regard sur lui afin que nous ne nous \u00e9garions pas.<br>Unis nous dans le Seigneur J\u00e9sus, qui est le chemin, la v\u00e9rit\u00e9 et la vie, et qui nous a appris \u00e0 prier en disant <strong>Notre P\u00e8re<\/strong>.<\/p>\n\n\n\n<figure class=\"wp-block-image size-large\"><img data-recalc-dims=\"1\" height=\"766\" width=\"540\" decoding=\"async\" src=\"https:\/\/i0.wp.com\/paroisses-chatenay.fr\/stgermain\/wp-content\/uploads\/2022\/01\/2022-SemainePriereUniteChretien-722x1024.png?resize=540%2C766&#038;ssl=1\" alt=\"\" class=\"wp-image-8415\"\/><\/figure>\n\n\n\n<p><a href=\"http:\/\/www.unitedeschretiens.fr\" data-type=\"URL\" data-id=\"www.unitedeschretiens.fr\" target=\"_blank\" rel=\"noreferrer noopener\">www.unitedeschretiens.fr<\/a><\/p>\n\n\n\n<p><a href=\"http:\/\/www.chretiensensemble.com\" target=\"_blank\" rel=\"noreferrer noopener\">www.chretiensensemble.com<\/a><\/p>\n","protected":false},"excerpt":{"rendered":"<p>Pri\u00e8re d\u2019intercession pour l\u2019unit\u00e9 des chr\u00e9tiensSi vous n\u2019avez pu participer, ce jeudi 20 janvier 2022, \u00e0 Sainte Bathilde, \u00e0 la veill\u00e9e de la semaine de pri\u00e8re pour l\u2019unit\u00e9 des chr\u00e9tiens, vous pouvez encore y participer en portant dans votre pri\u00e8re les intentions de la pri\u00e8re d\u2019intercession. Pri\u00e8re d\u2019intercessionAvec foi et confiance, nous nous pr\u00e9sentons en pri\u00e8re devant Dieu, qui est P\u00e8re, Fils et Saint Esprit :Les Rois Mages sont venus d\u2019Orient pour rendre hommage \u00e0 l\u2019enfant J\u00e9sus et lui offrir <a class=\"more-link\" href=\"https:\/\/paroisses-chatenay.fr\/stgermain\/semaine-de-priere-pour-lunite-des-chretiens-du-20-au-25-janvier-2022\/\">Lire plus &#8230;<\/a><\/p>\n","protected":false},"author":1,"featured_media":0,"comment_status":"closed","ping_status":"closed","sticky":false,"template":"","format":"standard","meta":{"_seopress_robots_primary_cat":"none","_seopress_titles_title":"","_seopress_titles_desc":"","_seopress_robots_index":"","jetpack_post_was_ever_published":false,"_jetpack_newsletter_access":"","_jetpack_dont_email_post_to_subs":false,"_jetpack_newsletter_tier_id":0,"_jetpack_memberships_contains_paywalled_content":false,"_jetpack_memberships_contains_paid_content":false,"footnotes":"","jetpack_publicize_message":"","jetpack_publicize_feature_enabled":true,"jetpack_social_post_already_shared":true,"jetpack_social_options":{"image_generator_settings":{"template":"highway","default_image_id":0,"font":"","enabled":false},"version":2}},"categories":[5],"tags":[],"class_list":["post-8569","post","type-post","status-publish","format-standard","hentry","category-la-paroisse-2"],"jetpack_publicize_connections":[],"jetpack_featured_media_url":"","jetpack_sharing_enabled":true,"jetpack_shortlink":"https:\/\/wp.me\/p8QOZc-2ed","jetpack_likes_enabled":true,"_links":{"self":[{"href":"https:\/\/paroisses-chatenay.fr\/stgermain\/wp-json\/wp\/v2\/posts\/8569","targetHints":{"allow":["GET"]}}],"collection":[{"href":"https:\/\/paroisses-chatenay.fr\/stgermain\/wp-json\/wp\/v2\/posts"}],"about":[{"href":"https:\/\/paroisses-chatenay.fr\/stgermain\/wp-json\/wp\/v2\/types\/post"}],"author":[{"embeddable":true,"href":"https:\/\/paroisses-chatenay.fr\/stgermain\/wp-json\/wp\/v2\/users\/1"}],"replies":[{"embeddable":true,"href":"https:\/\/paroisses-chatenay.fr\/stgermain\/wp-json\/wp\/v2\/comments?post=8569"}],"version-history":[{"count":1,"href":"https:\/\/paroisses-chatenay.fr\/stgermain\/wp-json\/wp\/v2\/posts\/8569\/revisions"}],"predecessor-version":[{"id":8571,"href":"https:\/\/paroisses-chatenay.fr\/stgermain\/wp-json\/wp\/v2\/posts\/8569\/revisions\/8571"}],"wp:attachment":[{"href":"https:\/\/paroisses-chatenay.fr\/stgermain\/wp-json\/wp\/v2\/media?parent=8569"}],"wp:term":[{"taxonomy":"category","embeddable":true,"href":"https:\/\/paroisses-chatenay.fr\/stgermain\/wp-json\/wp\/v2\/categories?post=8569"},{"taxonomy":"post_tag","embeddable":true,"href":"https:\/\/paroisses-chatenay.fr\/stgermain\/wp-json\/wp\/v2\/tags?post=8569"}],"curies":[{"name":"wp","href":"https:\/\/api.w.org\/{rel}","templated":true}]}}