{"id":8818,"date":"2022-03-10T10:38:23","date_gmt":"2022-03-10T09:38:23","guid":{"rendered":"https:\/\/paroisses-chatenay.fr\/stgermain\/?p=8818"},"modified":"2022-03-10T20:22:00","modified_gmt":"2022-03-10T19:22:00","slug":"temoignage-dune-hospitaliere-a-lourdes","status":"publish","type":"post","link":"https:\/\/paroisses-chatenay.fr\/stgermain\/temoignage-dune-hospitaliere-a-lourdes\/","title":{"rendered":"T\u00e9moignage d\u2019une Hospitali\u00e8re \u00e0 Lourdes"},"content":{"rendered":"\n<p><\/p>\n\n\n\n<p><strong>Je suis devenue Hospitali\u00e8re&nbsp;:<\/strong><\/p>\n\n\n\n<p class=\"has-normal-font-size\">Je m\u2019appelle <strong>Luz<\/strong>, je suis en France et j\u2019habite au 92 depuis 2005. Originaire d\u2019une famille catholique pratiquante en Colombie, mon pays de naissance. Je suis devenue hospitali\u00e8re par gr\u00e2ce. Bien si je suis all\u00e9e \u00e0 Lourdes plusieurs fois comme p\u00e8lerine. Apr\u00e8s le premier confinement je me suis sentie appel\u00e9e et pr\u00eate \u00e0 partir en mission comme hospitali\u00e8re. En aout dernier j\u2019ai contact\u00e9 l\u2019hospitalit\u00e9 de Nanterre et on m\u2019a dit qu\u2019on avait besoin de moi et que j\u2019allais donner un coup de main pour m\u2019occuper de malades. J\u2019ai eu le soutien de ma famille, notre vicaire Pierre Bourdon et M. Landowiski Michel le pr\u00e9sident de l\u2019hospitalit\u00e9. Six semaines avant notre d\u00e9part tous les hospitaliers sont convoqu\u00e9s \u00e0 deux journ\u00e9es de formations.<\/p>\n\n\n\n<p class=\"has-normal-font-size\"><strong>&nbsp;Le r\u00f4le d\u2019hospitali\u00e8re consiste en&nbsp; &nbsp;:<\/strong><strong><\/strong><\/p>\n\n\n\n<p class=\"has-normal-font-size\">Prendre en charge les malades depuis le d\u00e9part du train \u00e0 la gare de Montparnasse. On les assiste pendant le voyage. Tout au long du s\u00e9jour, on les accompagne aux diff\u00e9rentes c\u00e9l\u00e9brations et visites ou pour des courses en ville. On s\u2019occupe de leur chambre, leur programme, on les aide \u00e0 se d\u00e9placer. Des petites voitures adapt\u00e9es sont disponibles pour se promener dans Lourdes. Nous \u00e9tions autour de 200 hospitaliers, \u00e2g\u00e9s de 9 \u00e0 90 ans, pour encadrer 50 personnes malades, \u00e2g\u00e9es ou handicap\u00e9es.<\/p>\n\n\n\n<p class=\"has-normal-font-size\"><strong>Le service je le vis&nbsp;ainsi :<\/strong><\/p>\n\n\n\n<p class=\"has-normal-font-size\">C\u2019est tr\u00e8s agr\u00e9able et enrichissant de vivre cette exp\u00e9rience, on s\u2019organise par des unit\u00e9s, par de groupes&nbsp;de taches : les hospitaliers, les pr\u00eates, les infirmiers, le.s m\u00e9decin.s les brancardiers, les accompagnants \u00e0 l\u2019accueil, le service de repas, le service de relecture, des sorties et de nuit, tous comme une famille. A Lourdes, nous nous voyons le soir mais pas sp\u00e9cialement dans la journ\u00e9e, puisque chacun \u00e0 ses activit\u00e9s. Tous les hospitaliers sont au m\u00eame h\u00f4tel, les p\u00e8lerins dans un autre. D\u00e8s le premier jour on fait connaissance avec son\/ sa voisin.e de chambre, nous ne sommes dans la m\u00eame unit\u00e9 pour elle c\u2019est son deuxi\u00e8me p\u00e8lerinage. Vite des liens se sont cr\u00e9\u00e9. Vivre pendant cinq journ\u00e9es dans un endroit diff\u00e9rent, avec des personnes malades ou handicap\u00e9es et \u00eatre l\u00e0 pour autre chose que son m\u00e9tier change les priorit\u00e9s. A la Grotte, pendant une c\u00e9l\u00e9bration, \u00e0 l\u2019onction des malades, les langues se d\u00e9lient. Les gens se confient. Des relations plus humaines se tisent. On peut les \u00e9couter et \u00e9changer. C\u2019est vraiment le miracle de Lourdes : les gens sont un soutien, un support, les personnes se parlent et s\u2019\u00e9coutent. Ils s\u2019aident quel que soit le handicap ou la maladie. Pour moi, c\u2019est \u00e7a le message de la Vierge \u00e0 Bernadette&nbsp;: ne pas vivre dans l\u2019indiff\u00e9rence envers l\u2019autre, les uns et les autres, nous sommes malades, tous quelque part&nbsp;!<\/p>\n\n\n\n<p class=\"has-normal-font-size\"><strong>L\u2019ambiance d\u00e8s notre d\u00e9part&nbsp;:<\/strong><\/p>\n\n\n\n<p class=\"has-normal-font-size\">A la seconde o\u00f9 l\u2019on se trouve en tenue, gilet bleu et blouse blanche d\u2019hospitalier sur le quai de la gare, on n\u2019est plus \u00e0 Paris mais d\u00e9j\u00e0 arriv\u00e9s \u00e0 Lourdes. On est dans le p\u00e8lerinage. En g\u00e9n\u00e9ral, le d\u00e9part se fait le matin, pour arriver l\u2019apr\u00e8s-midi, entre 15h et 15h 30. Pendant les heures de voyage, on peut passer d\u2019un compartiment \u00e0 un autre, aller dans les \u00ab wagons ambulances \u00bb parler \u00e0 tous les malades, avoir des \u00e9changes riches en prenant des nouvelles. On aide les personnes s\u2019ils ont envie, s\u2019ils ont besoin, on reste \u00e0 l\u2019\u00e9coute, un premier \u00e9change est fait, on s\u2019aventure \u00e0 trouver le wagon de notre malade, on fait les pr\u00e9sentations, le contact passe tr\u00e8s bien puis on se retrouve entre hospitaliers pour discuter et faire connaissance. On explique aux nouveaux ce qu\u2019ils vont faire. Ce n\u2019est pas \u00e9vident de s\u2019occuper de personnes \u00e2g\u00e9es ou handicap\u00e9es mais on se rend compte que \u00e7a va tout simplement. Tout commence vraiment dans le train. Notre \u00e9v\u00eaque, Mgr Matthieu Roug\u00e9, est avec nous tous. C\u2019est le moment de donner le th\u00e8me de l\u2019ann\u00e9e&nbsp;; Marie L\u2019Immacul\u00e9e Conception d\u2019en parler au micro, de chanter, de prier tous ensemble. Quelques heures plus tard, on voit la Grotte, depuis le train. A ce moment-l\u00e0, tout le monde manifeste la gr\u00e2ce et la joie de toutes les mani\u00e8res possible, on fait le signe de la crois, on chante, on sourit, on se regarde on se dit \u00e7a y est NOUS SOMMES&nbsp;! c\u2019est extraordinaire&nbsp;!<br>&nbsp;<\/p>\n\n\n\n<p class=\"has-normal-font-size\"><strong>Ce qui procure s\u2019occuper de ceux qui n\u2019ont pas la sant\u00e9&nbsp;:<\/strong><\/p>\n\n\n\n<p class=\"has-normal-font-size\">J\u2019ai \u00e9t\u00e9 tr\u00e8s contente de la joie que nous avons pu procurer aux malades. Dans leurs souffrances, dans leur handicap, ils savent remercier et cela c\u2019est tr\u00e8s \u00e9mouvant et encourageant. Mais pour cela il faut \u00eatre au service, \u00e0 l\u2019\u00e9coute des personnes dans leur chagrin le d\u00e9ni de leur maladie, leur handicap. J\u2019ai v\u00e9cu de moments fraternels, ressour\u00e7ant et aussi de moments tr\u00e8s forts je peux citer parmi&nbsp;: les messes et le chapelet \u00e0 la Grotte, le rituel de l\u2019eau (dans les piscines l\u2019acc\u00e8s se fait d\u2019une autre mani\u00e8re \u00e0 cause de Covid) la visite \u00e0 la maison de Bernadette, le&nbsp; chemin de la croix, la messe pour les malades, la procession aux flambeaux. Je me souviendrais tout ma vie de mon bin\u00f4me qui m\u2019a aid\u00e9 avec la personne malade, celle que je me suis occup\u00e9 M. Laroudie Michel. Je suis tr\u00e8s reconnaissante et je remercie \u00e0 notre m\u00e8re c\u00e9leste notre m\u00e8re Marie Bienheureuse, c\u2019est elle qui fait possible mon investissement et engagement cette ann\u00e9e je compte retourner, \u00e0 nouveau en hospitali\u00e8re, je termine avec une de plus belle phrases de M\u00e8re Teresa&nbsp;: \u00ab&nbsp;\u00e0 ceux qui souffrent ne leur donnez pas seulement des soins, mais&nbsp; donnez-leur aussi votre c\u0153ur&nbsp;\u00bb nous a dit M\u00e8re Teresa.<\/p>\n","protected":false},"excerpt":{"rendered":"<p>Je suis devenue Hospitali\u00e8re&nbsp;: Je m\u2019appelle Luz, je suis en France et j\u2019habite au 92 depuis 2005. Originaire d\u2019une famille catholique pratiquante en Colombie, mon pays de naissance. Je suis devenue hospitali\u00e8re par gr\u00e2ce. Bien si je suis all\u00e9e \u00e0 Lourdes plusieurs fois comme p\u00e8lerine. Apr\u00e8s le premier confinement je me suis sentie appel\u00e9e et pr\u00eate \u00e0 partir en mission comme hospitali\u00e8re. En aout dernier j\u2019ai contact\u00e9 l\u2019hospitalit\u00e9 de Nanterre et on m\u2019a dit qu\u2019on avait besoin de moi et <a class=\"more-link\" href=\"https:\/\/paroisses-chatenay.fr\/stgermain\/temoignage-dune-hospitaliere-a-lourdes\/\">Lire plus &#8230;<\/a><\/p>\n","protected":false},"author":1,"featured_media":0,"comment_status":"closed","ping_status":"closed","sticky":false,"template":"","format":"standard","meta":{"_seopress_robots_primary_cat":"none","_seopress_titles_title":"","_seopress_titles_desc":"","_seopress_robots_index":"","jetpack_post_was_ever_published":false,"_jetpack_newsletter_access":"","_jetpack_dont_email_post_to_subs":false,"_jetpack_newsletter_tier_id":0,"_jetpack_memberships_contains_paywalled_content":false,"_jetpack_memberships_contains_paid_content":false,"footnotes":"","jetpack_publicize_message":"","jetpack_publicize_feature_enabled":true,"jetpack_social_post_already_shared":true,"jetpack_social_options":{"image_generator_settings":{"template":"highway","default_image_id":0,"font":"","enabled":false},"version":2}},"categories":[5],"tags":[],"class_list":["post-8818","post","type-post","status-publish","format-standard","hentry","category-la-paroisse-2"],"jetpack_publicize_connections":[],"jetpack_featured_media_url":"","jetpack_sharing_enabled":true,"jetpack_shortlink":"https:\/\/wp.me\/p8QOZc-2ie","jetpack_likes_enabled":true,"_links":{"self":[{"href":"https:\/\/paroisses-chatenay.fr\/stgermain\/wp-json\/wp\/v2\/posts\/8818","targetHints":{"allow":["GET"]}}],"collection":[{"href":"https:\/\/paroisses-chatenay.fr\/stgermain\/wp-json\/wp\/v2\/posts"}],"about":[{"href":"https:\/\/paroisses-chatenay.fr\/stgermain\/wp-json\/wp\/v2\/types\/post"}],"author":[{"embeddable":true,"href":"https:\/\/paroisses-chatenay.fr\/stgermain\/wp-json\/wp\/v2\/users\/1"}],"replies":[{"embeddable":true,"href":"https:\/\/paroisses-chatenay.fr\/stgermain\/wp-json\/wp\/v2\/comments?post=8818"}],"version-history":[{"count":2,"href":"https:\/\/paroisses-chatenay.fr\/stgermain\/wp-json\/wp\/v2\/posts\/8818\/revisions"}],"predecessor-version":[{"id":8836,"href":"https:\/\/paroisses-chatenay.fr\/stgermain\/wp-json\/wp\/v2\/posts\/8818\/revisions\/8836"}],"wp:attachment":[{"href":"https:\/\/paroisses-chatenay.fr\/stgermain\/wp-json\/wp\/v2\/media?parent=8818"}],"wp:term":[{"taxonomy":"category","embeddable":true,"href":"https:\/\/paroisses-chatenay.fr\/stgermain\/wp-json\/wp\/v2\/categories?post=8818"},{"taxonomy":"post_tag","embeddable":true,"href":"https:\/\/paroisses-chatenay.fr\/stgermain\/wp-json\/wp\/v2\/tags?post=8818"}],"curies":[{"name":"wp","href":"https:\/\/api.w.org\/{rel}","templated":true}]}}