{"id":8821,"date":"2022-03-10T10:49:03","date_gmt":"2022-03-10T09:49:03","guid":{"rendered":"https:\/\/paroisses-chatenay.fr\/stgermain\/?p=8821"},"modified":"2022-03-10T10:49:06","modified_gmt":"2022-03-10T09:49:06","slug":"le-crucifie-ces-jours-est-en-ukraine","status":"publish","type":"post","link":"https:\/\/paroisses-chatenay.fr\/stgermain\/le-crucifie-ces-jours-est-en-ukraine\/","title":{"rendered":"Le Crucifi\u00e9 ces jours est en Ukraine"},"content":{"rendered":"\n<p class=\"has-blue-color has-text-color has-small-font-size\">( Essai maladroit de pri\u00e8re pour le peuple ukrainien agress\u00e9 )<\/p>\n\n\n\n<p>Le Crucifi\u00e9 ces jours est en Ukraine.<br>Il est avec les jeunes qui meurent dans les combats,<br>les civils qui fuient les bombardements et qui sont \u00e9cras\u00e9s par les bombes,<br>les femmes, les vieillards et les enfants qui ont peur et se cachent,<br>les bless\u00e9s dans les h\u00f4pitaux surcharg\u00e9s,<br>les m\u00e8res qui pleurent leur fils tu\u00e9.<br>\u00d4 J\u00e9sus ! pourquoi , pourquoi la guerre ?<\/p>\n\n\n\n<p>Le Crucifi\u00e9 ces jours a mal et crie : \u00ab J\u2019ai soif ! \u00bb,<br>et encore : \u00ab Mon Dieu, mon Dieu pourquoi m\u2019as-tu abandonn\u00e9 ? \u00bb.<br>Il est couvert de sang, le sien et celui des autres.<br>Avec toutes celles et tous ceux qui l\u2019entourent il a peur.<br>Il dit : \u00ab Ma vie, \u00f4 P\u00e8re je te la donne !<br>Je suis venu pour que pas un seul ne soit perdu \u00bb.<br>\u00d4 J\u00e9sus ! jusques \u00e0 quand la destruction de l\u2019homme par l\u2019homme ?<\/p>\n\n\n\n<p>Le Crucifi\u00e9 ces jours n\u2019a pas de tombeau.<br>Son corps mutil\u00e9 pend aux carrefours des rues de Kiev et d\u2019ailleurs.<br>Joseph d\u2019Arimathie n\u2019a pu obtenir que soit recueillie sa d\u00e9pouille,<br>et les femmes de sa famille et de son entourage ont \u00e9t\u00e9 emp\u00each\u00e9es de le rejoindre.<br>Ni pri\u00e8res ni aromates pour lui !<br>Point d\u2019ange consolateur !<br>\u00d4 J\u00e9sus ! qu\u2019ils sont longs les vendredis saints du monde !<\/p>\n\n\n\n<p>Le Crucifi\u00e9 ce jour vient mendier ma solidarit\u00e9.<br>Il me dit : \u00ab J\u2019ai besoin de toi \u00bb.<br>Il met son corps entre mes mains.<br>Il me montre les Ukrainiens et dit : \u00ab Voici ta m\u00e8re, voici tes fr\u00e8res ! \u00bb,<br>et puis : \u00ab Ce que tu fais \u00e0 l\u2019un de ces petits qui sont les miens, c\u2019est \u00e0 moi que tu le fais ! \u00bb.<br>Il en appelle \u00e0 ma r\u00e9volte, \u00e0 ma pri\u00e8re, \u00e0 mon je\u00fbne, \u00e0 mon partage.<br>\u00d4 J\u00e9sus ! me voici !<\/p>\n\n\n\n<p><strong>Christian Delorme<br>Cuire, 28 f\u00e9vrier 2022<\/strong><\/p>\n","protected":false},"excerpt":{"rendered":"<p>( Essai maladroit de pri\u00e8re pour le peuple ukrainien agress\u00e9 ) Le Crucifi\u00e9 ces jours est en Ukraine.Il est avec les jeunes qui meurent dans les combats,les civils qui fuient les bombardements et qui sont \u00e9cras\u00e9s par les bombes,les femmes, les vieillards et les enfants qui ont peur et se cachent,les bless\u00e9s dans les h\u00f4pitaux surcharg\u00e9s,les m\u00e8res qui pleurent leur fils tu\u00e9.\u00d4 J\u00e9sus ! pourquoi , pourquoi la guerre ? Le Crucifi\u00e9 ces jours a mal et crie : \u00ab <a class=\"more-link\" href=\"https:\/\/paroisses-chatenay.fr\/stgermain\/le-crucifie-ces-jours-est-en-ukraine\/\">Lire plus &#8230;<\/a><\/p>\n","protected":false},"author":1,"featured_media":0,"comment_status":"closed","ping_status":"closed","sticky":false,"template":"","format":"standard","meta":{"_seopress_robots_primary_cat":"none","_seopress_titles_title":"","_seopress_titles_desc":"","_seopress_robots_index":"","jetpack_post_was_ever_published":false,"_jetpack_newsletter_access":"","_jetpack_dont_email_post_to_subs":false,"_jetpack_newsletter_tier_id":0,"_jetpack_memberships_contains_paywalled_content":false,"_jetpack_memberships_contains_paid_content":false,"footnotes":"","jetpack_publicize_message":"","jetpack_publicize_feature_enabled":true,"jetpack_social_post_already_shared":true,"jetpack_social_options":{"image_generator_settings":{"template":"highway","default_image_id":0,"font":"","enabled":false},"version":2}},"categories":[5],"tags":[],"class_list":["post-8821","post","type-post","status-publish","format-standard","hentry","category-la-paroisse-2"],"jetpack_publicize_connections":[],"jetpack_featured_media_url":"","jetpack_sharing_enabled":true,"jetpack_shortlink":"https:\/\/wp.me\/p8QOZc-2ih","jetpack_likes_enabled":true,"_links":{"self":[{"href":"https:\/\/paroisses-chatenay.fr\/stgermain\/wp-json\/wp\/v2\/posts\/8821","targetHints":{"allow":["GET"]}}],"collection":[{"href":"https:\/\/paroisses-chatenay.fr\/stgermain\/wp-json\/wp\/v2\/posts"}],"about":[{"href":"https:\/\/paroisses-chatenay.fr\/stgermain\/wp-json\/wp\/v2\/types\/post"}],"author":[{"embeddable":true,"href":"https:\/\/paroisses-chatenay.fr\/stgermain\/wp-json\/wp\/v2\/users\/1"}],"replies":[{"embeddable":true,"href":"https:\/\/paroisses-chatenay.fr\/stgermain\/wp-json\/wp\/v2\/comments?post=8821"}],"version-history":[{"count":1,"href":"https:\/\/paroisses-chatenay.fr\/stgermain\/wp-json\/wp\/v2\/posts\/8821\/revisions"}],"predecessor-version":[{"id":8823,"href":"https:\/\/paroisses-chatenay.fr\/stgermain\/wp-json\/wp\/v2\/posts\/8821\/revisions\/8823"}],"wp:attachment":[{"href":"https:\/\/paroisses-chatenay.fr\/stgermain\/wp-json\/wp\/v2\/media?parent=8821"}],"wp:term":[{"taxonomy":"category","embeddable":true,"href":"https:\/\/paroisses-chatenay.fr\/stgermain\/wp-json\/wp\/v2\/categories?post=8821"},{"taxonomy":"post_tag","embeddable":true,"href":"https:\/\/paroisses-chatenay.fr\/stgermain\/wp-json\/wp\/v2\/tags?post=8821"}],"curies":[{"name":"wp","href":"https:\/\/api.w.org\/{rel}","templated":true}]}}