{"id":9162,"date":"2022-05-23T21:55:23","date_gmt":"2022-05-23T19:55:23","guid":{"rendered":"https:\/\/paroisses-chatenay.fr\/stgermain\/?p=9162"},"modified":"2022-05-25T23:19:23","modified_gmt":"2022-05-25T21:19:23","slug":"tractage-des-rameaux","status":"publish","type":"post","link":"https:\/\/paroisses-chatenay.fr\/stgermain\/tractage-des-rameaux\/","title":{"rendered":"Tractage des Rameaux"},"content":{"rendered":"\n<p>Merci aux 15 paroissiens qui ont contribu\u00e9 \u00e0 proclamer la joie pascale en distribuant dans nos rues les tracts de la semaine sainte \u00e0 Saint Germain !<\/p>\n\n\n\n<p>Si vous n&rsquo;avez pas pu rassurez vous : nous allons vous donner d&rsquo;autres occasions d&rsquo;\u00eatre missionnaires\u2026<a href=\"https:\/\/paroisses-chatenay.fr\/stgermain\/wp-content\/uploads\/2022\/02\/Plaquette-StGermain-2021-vs02a.pdf\" target=\"_blank\" rel=\"noreferrer noopener\"> La 1\u00b0 ne se fera pas attendre puisque nous invitons imm\u00e9diatement tous les paroissiens \u00e0 diffuser autour d&rsquo;eux notre nouveau d\u00e9pliant paroissial <\/a>(disponible dans l&rsquo;\u00e9glise ou \u00e0 l&rsquo;accueil), si possible de la main \u00e0 la main, sinon dans les bo\u00eetes aux lettres qui leur sont accessibles. Vous pourrez en trouver dans l&rsquo;\u00e9glise et \u00e0 l&rsquo;accueil.<\/p>\n\n\n\n<p>Mais pour vous encourager, et peut \u00eatre vous rassurer, voici quelques t\u00e9moignages recueillis \u00e0 l&rsquo;issue de cette 1\u00b0 op\u00e9ration de tractage des Rameaux :<br>\u2022 C\u2019\u00e9tait une belle exp\u00e9rience d\u2019aller \u00e0 la rencon tre des inconnus et de les inviter \u00e0 participer \u00e0 la semaine sainte\u2026<br>\u2022 Exp\u00e9rience enrichissante \u00e0 r\u00e9aliser au moins une fois dans sa vie\u2026<br>\u2022 Je dirais que le Seigneur \u00e9tait \u00e0 nos c\u00f4t\u00e9s . Nous \u00e9tions heureux de parler de Lui.<br>\u2022 Je suis surpris de voir que \u00e7a n&rsquo;est pas difficile d&rsquo;entreprendre un dialogue sur un th\u00e8me religieux pratique (horaire de c\u00e9l\u00e9brations).<br>\u2022 C&rsquo;\u00e9tait un moment enrichissant, qui offrait d&rsquo;authentiques possibilit\u00e9s de t\u00e9moignage. Aucun pros\u00e9lytisme, aucun enfouissement.<br>\u2022 J&rsquo;ai convaincu plusieurs personnes d&rsquo;aller \u00e0 la messe des Rameaux le soir m\u00eame\u2026<br>\u2022 Il est bon de porter la parole, mais la mani\u00e8re n&rsquo;est pas parfaite je pense.<br>\u2022 C&rsquo;est pas compliqu\u00e9, les gens sont soit bienveillants soit indiff\u00e9rents mais pas hostiles.<\/p>\n\n\n\n<p>P\u00e8re Pierre Bourdon<\/p>\n","protected":false},"excerpt":{"rendered":"<p>Merci aux 15 paroissiens qui ont contribu\u00e9 \u00e0 proclamer la joie pascale en distribuant dans nos rues les tracts de la semaine sainte \u00e0 Saint Germain ! Si vous n&rsquo;avez pas pu rassurez vous : nous allons vous donner d&rsquo;autres occasions d&rsquo;\u00eatre missionnaires\u2026 La 1\u00b0 ne se fera pas attendre puisque nous invitons imm\u00e9diatement tous les paroissiens \u00e0 diffuser autour d&rsquo;eux notre nouveau d\u00e9pliant paroissial (disponible dans l&rsquo;\u00e9glise ou \u00e0 l&rsquo;accueil), si possible de la main \u00e0 la main, sinon <a class=\"more-link\" href=\"https:\/\/paroisses-chatenay.fr\/stgermain\/tractage-des-rameaux\/\">Lire plus &#8230;<\/a><\/p>\n","protected":false},"author":1,"featured_media":0,"comment_status":"closed","ping_status":"closed","sticky":false,"template":"","format":"standard","meta":{"_seopress_robots_primary_cat":"none","_seopress_titles_title":"","_seopress_titles_desc":"","_seopress_robots_index":"","jetpack_post_was_ever_published":false,"_jetpack_newsletter_access":"","_jetpack_dont_email_post_to_subs":false,"_jetpack_newsletter_tier_id":0,"_jetpack_memberships_contains_paywalled_content":false,"_jetpack_memberships_contains_paid_content":false,"footnotes":"","jetpack_publicize_message":"","jetpack_publicize_feature_enabled":true,"jetpack_social_post_already_shared":true,"jetpack_social_options":{"image_generator_settings":{"template":"highway","default_image_id":0,"font":"","enabled":false},"version":2}},"categories":[5],"tags":[],"class_list":["post-9162","post","type-post","status-publish","format-standard","hentry","category-la-paroisse-2"],"jetpack_publicize_connections":[],"jetpack_featured_media_url":"","jetpack_sharing_enabled":true,"jetpack_shortlink":"https:\/\/wp.me\/p8QOZc-2nM","jetpack_likes_enabled":true,"_links":{"self":[{"href":"https:\/\/paroisses-chatenay.fr\/stgermain\/wp-json\/wp\/v2\/posts\/9162","targetHints":{"allow":["GET"]}}],"collection":[{"href":"https:\/\/paroisses-chatenay.fr\/stgermain\/wp-json\/wp\/v2\/posts"}],"about":[{"href":"https:\/\/paroisses-chatenay.fr\/stgermain\/wp-json\/wp\/v2\/types\/post"}],"author":[{"embeddable":true,"href":"https:\/\/paroisses-chatenay.fr\/stgermain\/wp-json\/wp\/v2\/users\/1"}],"replies":[{"embeddable":true,"href":"https:\/\/paroisses-chatenay.fr\/stgermain\/wp-json\/wp\/v2\/comments?post=9162"}],"version-history":[{"count":2,"href":"https:\/\/paroisses-chatenay.fr\/stgermain\/wp-json\/wp\/v2\/posts\/9162\/revisions"}],"predecessor-version":[{"id":9241,"href":"https:\/\/paroisses-chatenay.fr\/stgermain\/wp-json\/wp\/v2\/posts\/9162\/revisions\/9241"}],"wp:attachment":[{"href":"https:\/\/paroisses-chatenay.fr\/stgermain\/wp-json\/wp\/v2\/media?parent=9162"}],"wp:term":[{"taxonomy":"category","embeddable":true,"href":"https:\/\/paroisses-chatenay.fr\/stgermain\/wp-json\/wp\/v2\/categories?post=9162"},{"taxonomy":"post_tag","embeddable":true,"href":"https:\/\/paroisses-chatenay.fr\/stgermain\/wp-json\/wp\/v2\/tags?post=9162"}],"curies":[{"name":"wp","href":"https:\/\/api.w.org\/{rel}","templated":true}]}}