{"id":9165,"date":"2022-05-23T21:57:02","date_gmt":"2022-05-23T19:57:02","guid":{"rendered":"https:\/\/paroisses-chatenay.fr\/stgermain\/?p=9165"},"modified":"2022-05-23T21:57:03","modified_gmt":"2022-05-23T19:57:03","slug":"a-propos-dhiver-solidaire","status":"publish","type":"post","link":"https:\/\/paroisses-chatenay.fr\/stgermain\/a-propos-dhiver-solidaire\/","title":{"rendered":"\u00c0 propos d&rsquo;Hiver solidaire"},"content":{"rendered":"\n<p>De d\u00e9cembre \u00e0 d\u00e9but avril, l&rsquo;\u00e9quipe Hiver solidaire a organis\u00e9 l&rsquo;accueil de nuit de quatre personnes sans domicile. La communaut\u00e9 paroissiale de St-Germain s&rsquo;est engag\u00e9e de diverses mani\u00e8res pour ce projet : pr\u00eat des salles, bien s\u00fbr, mais aussi dons lors des qu\u00eates r\u00e9guli\u00e8rement effectu\u00e9es au b\u00e9n\u00e9fice de la soci\u00e9t\u00e9 St-Vincent de Paul, et surtout implication de nombreux paroissiens en tant que b\u00e9n\u00e9voles. Comme convenu d\u00e8s l&rsquo;origine du projet, les instances organisatrices ont pris en charge le suppl\u00e9ment de d\u00e9penses courantes. Ceci correspond aussi \u00e0 une obligation l\u00e9gale : celle de maintenir une s\u00e9paration stricte entre dons et d\u00e9penses li\u00e9s aux activit\u00e9s cultuelles d&rsquo;une part et \u00e0 nos autres activit\u00e9s d&rsquo;autre part.<\/p>\n\n\n\n<p>Un grand merci \u00e0 toutes les personnes qui ont contribu\u00e9 d&rsquo;une mani\u00e8re ou d&rsquo;une autre \u00e0 cet accueil.<\/p>\n\n\n\n<p>Le Conseil paroissial aux affaires \u00e9conomiques<\/p>\n","protected":false},"excerpt":{"rendered":"<p>De d\u00e9cembre \u00e0 d\u00e9but avril, l&rsquo;\u00e9quipe Hiver solidaire a organis\u00e9 l&rsquo;accueil de nuit de quatre personnes sans domicile. La communaut\u00e9 paroissiale de St-Germain s&rsquo;est engag\u00e9e de diverses mani\u00e8res pour ce projet : pr\u00eat des salles, bien s\u00fbr, mais aussi dons lors des qu\u00eates r\u00e9guli\u00e8rement effectu\u00e9es au b\u00e9n\u00e9fice de la soci\u00e9t\u00e9 St-Vincent de Paul, et surtout implication de nombreux paroissiens en tant que b\u00e9n\u00e9voles. Comme convenu d\u00e8s l&rsquo;origine du projet, les instances organisatrices ont pris en charge le suppl\u00e9ment de d\u00e9penses <a class=\"more-link\" href=\"https:\/\/paroisses-chatenay.fr\/stgermain\/a-propos-dhiver-solidaire\/\">Lire plus &#8230;<\/a><\/p>\n","protected":false},"author":1,"featured_media":0,"comment_status":"closed","ping_status":"closed","sticky":false,"template":"","format":"standard","meta":{"_seopress_robots_primary_cat":"none","_seopress_titles_title":"","_seopress_titles_desc":"","_seopress_robots_index":"","jetpack_post_was_ever_published":false,"_jetpack_newsletter_access":"","_jetpack_dont_email_post_to_subs":false,"_jetpack_newsletter_tier_id":0,"_jetpack_memberships_contains_paywalled_content":false,"_jetpack_memberships_contains_paid_content":false,"footnotes":"","jetpack_publicize_message":"","jetpack_publicize_feature_enabled":true,"jetpack_social_post_already_shared":true,"jetpack_social_options":{"image_generator_settings":{"template":"highway","default_image_id":0,"font":"","enabled":false},"version":2}},"categories":[5],"tags":[],"class_list":["post-9165","post","type-post","status-publish","format-standard","hentry","category-la-paroisse-2"],"jetpack_publicize_connections":[],"jetpack_featured_media_url":"","jetpack_sharing_enabled":true,"jetpack_shortlink":"https:\/\/wp.me\/p8QOZc-2nP","jetpack_likes_enabled":true,"_links":{"self":[{"href":"https:\/\/paroisses-chatenay.fr\/stgermain\/wp-json\/wp\/v2\/posts\/9165","targetHints":{"allow":["GET"]}}],"collection":[{"href":"https:\/\/paroisses-chatenay.fr\/stgermain\/wp-json\/wp\/v2\/posts"}],"about":[{"href":"https:\/\/paroisses-chatenay.fr\/stgermain\/wp-json\/wp\/v2\/types\/post"}],"author":[{"embeddable":true,"href":"https:\/\/paroisses-chatenay.fr\/stgermain\/wp-json\/wp\/v2\/users\/1"}],"replies":[{"embeddable":true,"href":"https:\/\/paroisses-chatenay.fr\/stgermain\/wp-json\/wp\/v2\/comments?post=9165"}],"version-history":[{"count":1,"href":"https:\/\/paroisses-chatenay.fr\/stgermain\/wp-json\/wp\/v2\/posts\/9165\/revisions"}],"predecessor-version":[{"id":9167,"href":"https:\/\/paroisses-chatenay.fr\/stgermain\/wp-json\/wp\/v2\/posts\/9165\/revisions\/9167"}],"wp:attachment":[{"href":"https:\/\/paroisses-chatenay.fr\/stgermain\/wp-json\/wp\/v2\/media?parent=9165"}],"wp:term":[{"taxonomy":"category","embeddable":true,"href":"https:\/\/paroisses-chatenay.fr\/stgermain\/wp-json\/wp\/v2\/categories?post=9165"},{"taxonomy":"post_tag","embeddable":true,"href":"https:\/\/paroisses-chatenay.fr\/stgermain\/wp-json\/wp\/v2\/tags?post=9165"}],"curies":[{"name":"wp","href":"https:\/\/api.w.org\/{rel}","templated":true}]}}