{"id":931,"date":"2017-05-11T21:53:30","date_gmt":"2017-05-11T19:53:30","guid":{"rendered":"http:\/\/www.paroisses-chatenay.fr\/stgermain\/?p=931"},"modified":"2017-10-12T22:14:06","modified_gmt":"2017-10-12T20:14:06","slug":"jeudi-1er-juin-20h30-a-fontenay-avec-gerard-leclerc-peut-on-etre-chretien-sans-leglise","status":"publish","type":"post","link":"https:\/\/paroisses-chatenay.fr\/stgermain\/jeudi-1er-juin-20h30-a-fontenay-avec-gerard-leclerc-peut-on-etre-chretien-sans-leglise\/","title":{"rendered":"Jeudi 1er juin (20H30) \u00e0 Fontenay, avec G\u00e9rard Leclerc : \u00ab Peut-on \u00eatre chr\u00e9tien sans l\u2019Eglise ? \u00bb."},"content":{"rendered":"<p>La cinqui\u00e8me et derni\u00e8re conf\u00e9rence inter-paroissiale de notre ann\u00e9e aura lieu le jeudi 1<sup>er<\/sup> juin.<\/p>\n<p>De nombreux chr\u00e9tiens pr\u00e9tendent s\u2019adresser \u00e0 Dieu \u00ab sans avoir besoin de l\u2019Eglise \u00bb.<\/p>\n<p>L\u2019\u00e9minent journaliste et philosophe G\u00e9rard LECLERC (Radio-Notre-Dame, France Catholique) expliquera pourquoi nous ne pouvons pourtant nous passer de cette Eglise, m\u00eame imparfaite et parfois d\u00e9cevante. C\u2019est avec l\u2019Eglise visible et p\u00e9cheresse d\u2019ici-bas que nous marchons, tous ensemble, vers l\u2019Eglise invisible du ciel.<\/p>\n<p>A 20H30 au 7, rue du capitaine Paoli, Fontenay-aux-Roses.<\/p>\n","protected":false},"excerpt":{"rendered":"<p>La cinqui\u00e8me et derni\u00e8re conf\u00e9rence inter-paroissiale de notre ann\u00e9e aura lieu le jeudi 1er juin. De nombreux chr\u00e9tiens pr\u00e9tendent s\u2019adresser \u00e0 Dieu \u00ab sans avoir besoin de l\u2019Eglise \u00bb. L\u2019\u00e9minent journaliste et philosophe G\u00e9rard LECLERC (Radio-Notre-Dame, France Catholique) expliquera pourquoi nous ne pouvons pourtant nous passer de cette Eglise, m\u00eame imparfaite et parfois d\u00e9cevante. C\u2019est avec l\u2019Eglise visible et p\u00e9cheresse d\u2019ici-bas que nous marchons, tous ensemble, vers l\u2019Eglise invisible du ciel. A 20H30 au 7, rue du capitaine Paoli, Fontenay-aux-Roses.<\/p>\n","protected":false},"author":1,"featured_media":344,"comment_status":"closed","ping_status":"closed","sticky":false,"template":"","format":"standard","meta":{"_seopress_robots_primary_cat":"","_seopress_titles_title":"","_seopress_titles_desc":"","_seopress_robots_index":"","jetpack_post_was_ever_published":false,"_jetpack_newsletter_access":"","_jetpack_dont_email_post_to_subs":false,"_jetpack_newsletter_tier_id":0,"_jetpack_memberships_contains_paywalled_content":false,"_jetpack_memberships_contains_paid_content":false,"footnotes":"","jetpack_publicize_message":"","jetpack_publicize_feature_enabled":true,"jetpack_social_post_already_shared":false,"jetpack_social_options":{"image_generator_settings":{"template":"highway","default_image_id":0,"font":"","enabled":false},"version":2}},"categories":[14],"tags":[],"class_list":["post-931","post","type-post","status-publish","format-standard","has-post-thumbnail","hentry","category-conferences"],"jetpack_publicize_connections":[],"jetpack_featured_media_url":"https:\/\/i0.wp.com\/paroisses-chatenay.fr\/stgermain\/wp-content\/uploads\/2017\/03\/fontenayAuxRoses.jpg?fit=97%2C98&ssl=1","jetpack_sharing_enabled":true,"jetpack_shortlink":"https:\/\/wp.me\/p8QOZc-f1","jetpack_likes_enabled":true,"_links":{"self":[{"href":"https:\/\/paroisses-chatenay.fr\/stgermain\/wp-json\/wp\/v2\/posts\/931","targetHints":{"allow":["GET"]}}],"collection":[{"href":"https:\/\/paroisses-chatenay.fr\/stgermain\/wp-json\/wp\/v2\/posts"}],"about":[{"href":"https:\/\/paroisses-chatenay.fr\/stgermain\/wp-json\/wp\/v2\/types\/post"}],"author":[{"embeddable":true,"href":"https:\/\/paroisses-chatenay.fr\/stgermain\/wp-json\/wp\/v2\/users\/1"}],"replies":[{"embeddable":true,"href":"https:\/\/paroisses-chatenay.fr\/stgermain\/wp-json\/wp\/v2\/comments?post=931"}],"version-history":[{"count":1,"href":"https:\/\/paroisses-chatenay.fr\/stgermain\/wp-json\/wp\/v2\/posts\/931\/revisions"}],"predecessor-version":[{"id":932,"href":"https:\/\/paroisses-chatenay.fr\/stgermain\/wp-json\/wp\/v2\/posts\/931\/revisions\/932"}],"wp:featuredmedia":[{"embeddable":true,"href":"https:\/\/paroisses-chatenay.fr\/stgermain\/wp-json\/wp\/v2\/media\/344"}],"wp:attachment":[{"href":"https:\/\/paroisses-chatenay.fr\/stgermain\/wp-json\/wp\/v2\/media?parent=931"}],"wp:term":[{"taxonomy":"category","embeddable":true,"href":"https:\/\/paroisses-chatenay.fr\/stgermain\/wp-json\/wp\/v2\/categories?post=931"},{"taxonomy":"post_tag","embeddable":true,"href":"https:\/\/paroisses-chatenay.fr\/stgermain\/wp-json\/wp\/v2\/tags?post=931"}],"curies":[{"name":"wp","href":"https:\/\/api.w.org\/{rel}","templated":true}]}}